{"id":4197,"date":"2021-10-08T16:43:17","date_gmt":"2021-10-08T14:43:17","guid":{"rendered":"https:\/\/aonsalud.es\/?p=4197"},"modified":"2023-04-05T09:26:40","modified_gmt":"2023-04-05T07:26:40","slug":"codo-de-tenista","status":"publish","type":"post","link":"https:\/\/www.aon.es\/personales\/seguro-salud\/blog\/codo-de-tenista\/","title":{"rendered":"\u00bfQu\u00e9 es el codo de tenista? \u00bfPuedo tener esta lesi\u00f3n sin jugar al tenis?"},"content":{"rendered":"\n<p>El codo de tenista es una lesi\u00f3n del codo que se llama en realidad Epicondilitis Lateral, y que no tiene por qu\u00e9 darse solo en personas que juegan al tenis. Aparece cuando se produce una inflamaci\u00f3n de los tendones que unen los m\u00fasculos del antebrazo con la parte exterior del codo, y al realizar cualquier movimiento que implique la actividad de esa zona, el paciente nota dolor.<\/p>\n\n\n\n<p>Esta lesi\u00f3n es una enfermedad del codo provocada por el exceso de uso, ya sea deportivo o diario (limpiar, sostener la compra, secarse el pelo\u2026 cualquier gesto en el que se doble el codo).<\/p>\n\n\n\n<p>En el codo se juntan el hueso h\u00famero y los huesos radio y c\u00fabito. En la parte exterior del codo hay una protuberancia \u00f3sea donde se insertan los tendones y ligamentos que se llama epic\u00f3dilo lateral. Cuando hay una inflamaci\u00f3n en esa zona, se ven implicados los m\u00fasculos extensores de la mu\u00f1eca y de los dedos y el tend\u00f3n que se inflama en el \u201ccodo de tenista\u201d es el tend\u00f3n extensor radial corto del carpo.<\/p>\n\n\n\n<h2 class=\"wp-block-heading\">Codo de tenista o Epicondilitis Lateral: \u00bfpor qu\u00e9 aparece?<\/h2>\n\n\n\n<p>El m\u00fasculo asociado al tend\u00f3n extensor es el que estabiliza la mu\u00f1eca cuando el codo est\u00e1 recto. Si se utiliza en exceso, como cuando juegas al tenis, el tend\u00f3n se debilita y se desgarra (de manera microsc\u00f3pica), pero esos microdesgarros producen inflamaci\u00f3n y dolor.<\/p>\n\n\n\n<p>Cualquier otra actividad que implique el uso excesivo de esa articulaci\u00f3n (sujetar pesos, hacer fuerza con la mu\u00f1eca, mantener el codo en alto, cortar, empujar, etc.) puede hacer que el tend\u00f3n sufra.<\/p>\n\n\n\n<p>Es m\u00e1s probable que suceda en personas de m\u00e1s de 30-40 a\u00f1os. Pero en algunas profesiones (no necesariamente deportistas, sino tambi\u00e9n pintores, carniceros, carpinteros, fontaneros\u2026) puede aparecer en edades m\u00e1s tempranas.<\/p>\n\n\n\n<h2 class=\"wp-block-heading\">S\u00edntomas y c\u00f3mo detectarlo<\/h2>\n\n\n\n<p>Los s\u00edntomas de la epicondilitis o codo de tenista aparecen de forma gradual. Al principio es un dolor leve, que aparece s\u00f3lo en algunos movimientos, hasta que el dolor es m\u00e1s constante, m\u00e1s fuerte y se produce ante casi cualquier movimiento del brazo. En la cama y al dejar el brazo quieto durante un rato, duele m\u00e1s.<\/p>\n\n\n\n<p>Tambi\u00e9n puede suceder que se pierda fuerza en el agarre y d\u00e9 la sensaci\u00f3n de no poder sujetar un objeto con la mano o de no poder hacer fuerza para apretar el pu\u00f1o.<\/p>\n\n\n\n<p>A pesar de que el diagn\u00f3stico se puede realizar pr\u00e1cticamente a primera vista, flexionando y extendiendo el codo y rotando la mu\u00f1eca para observar d\u00f3nde y en qu\u00e9 grado aparece el dolor, es posible que el m\u00e9dico precise de otras pruebas diagn\u00f3sticas como son una radiograf\u00eda, una resonancia magn\u00e9tica o una electromiograf\u00eda.<\/p>\n\n\n\n<p>Ser\u00e1 el m\u00e9dico de cabecera si va en primera instancia o bien el traumat\u00f3logo el que decida si son necesarias.<\/p>\n\n\n\n<p><a href=\"https:\/\/www.aon.es\/personales\/seguro-salud\/\">Descubre aqu\u00ed<\/a> c\u00f3mo te puede mejorar la calidad de vida un seguro de salud.<\/p>\n\n\n\n<h2 class=\"wp-block-heading\">\u00bfCu\u00e1l es el mejor tratamiento para tratar el codo de tenista?<\/h2>\n\n\n\n<ul class=\"wp-block-list\"><li style=\"font-weight: 400\">Reposo. Esto significa no hacer deporte que implique el ejercicio de brazos (tenis, pesas, p\u00e1del\u2026) y no coger pesos importantes. El resto de actividades deber\u00e1s hacerlas con cuidado y, si es posible, durante unos d\u00edas delega las m\u00e1s pesadas, como planchar, fregar o guardar la compra.<\/li><li style=\"font-weight: 400\">Antiinflamatorios no esteroideos. El m\u00e9dico te dir\u00e1 cu\u00e1l debes tomar. No lo hagas por tu cuenta.<\/li><li style=\"font-weight: 400\">En los casos m\u00e1s persistentes es posible que necesites terapia f\u00edsica, es decir, ejercicios concretos dirigidos por un profesional para fortalecer la zona, ultrasonidos y\/o masajes con hielo. Tambi\u00e9n puede ser \u00fatil colocarte una codera que reduzca el movimiento y la fricci\u00f3n y por tanto mejore la sensibilidad.<\/li><li style=\"font-weight: 400\">Si en unos meses la lesi\u00f3n no ha mejorado se podr\u00eda pensar en otro tipo de intervenci\u00f3n como es la cirug\u00eda, abierta para intervenir directamente sobre la protuberancia \u00f3sea o sobre el tend\u00f3n o una artroscopia. En ambos casos la cirug\u00eda tiene r\u00e1pida recuperaci\u00f3n y es ambulatoria en la mayor\u00eda de las ocasiones, es decir, no requiere hospitalizaci\u00f3n. Eso s\u00ed, tras una intervenci\u00f3n quir\u00fargica hay que inmovilizar el codo con una f\u00e9rula y despu\u00e9s se precisar\u00e1 rehabilitaci\u00f3n.<\/li><\/ul>\n\n\n\n<p>Es una lesi\u00f3n que salvo casos excepcionales suele tener buen pron\u00f3stico, pero es inc\u00f3moda porque aunque no invalida a la persona, es dif\u00edcil pasarla por alto y es bastante molesta. Pregunta siempre a tu m\u00e9dico, para prevenir problemas y solucionar \u00e9ste cuanto antes.<\/p>\n\n\n\n<h5 class=\"wp-block-heading\">Consulta precios para disfrutar de la tranquilidad de estar cubierto<\/h5>\n\n\n\n<div class=\"wp-block-cover is-light\" style=\"min-height:292px;aspect-ratio:unset;\"><span aria-hidden=\"true\" class=\"wp-block-cover__background has-background-dim-100 has-background-dim\" style=\"background-color:#e5eff0\"><\/span><div class=\"wp-block-cover__inner-container is-layout-flow wp-block-cover-is-layout-flow\">\n<h3 class=\"wp-block-heading has-text-align-center has-large-font-size\">\u00bfQuieres recibir m\u00e1s informaci\u00f3n o saber cu\u00e1l es el precio de un seguro de salud para ti o para tu familia?<\/h3>\n\n\n\n<p class=\"has-text-align-center has-large-font-size\">\u00a1Rellena nuestro formulario de contacto y te llamamos!<\/p>\n\n\n\n<div class=\"wp-block-buttons is-content-justification-center is-layout-flex wp-container-core-buttons-is-layout-16018d1d wp-block-buttons-is-layout-flex\">\n<div class=\"wp-block-button has-custom-font-size is-style-fill has-normal-font-size\"><a class=\"wp-block-button__link has-awb-color-7-background-color has-background has-text-align-center wp-element-button\" href=\"https:\/\/www.aon.es\/personales\/seguro-salud\/#te-llamamos\" style=\"border-radius:8px\" target=\"_blank\" rel=\"noreferrer noopener\">Solicitar llamada<\/a><\/div>\n<\/div>\n\n\n\n<p class=\"has-text-align-center\"> <br>Te calculamos el mejor precio para disfrutar de la tranquilidad de estar cubierto.<br>Y s\u00edguenos en <a href=\"https:\/\/www.facebook.com\/AonSalud-101543888992623\"><strong>Facebook<\/strong><\/a> e <a href=\"https:\/\/www.instagram.com\/aonseguros\/\" target=\"_blank\" rel=\"noreferrer noopener\"><strong>Instagram <\/strong><\/a>para estar al d\u00eda de noticias sobre salud.<\/p>\n<\/div><\/div>\n\n\n\n<p><\/p>\n","protected":false},"excerpt":{"rendered":"<p>El codo de tenista es una lesi\u00f3n del codo que se llama en realidad Epicondilitis Lateral, y que no tiene por qu\u00e9 darse solo en personas que juegan al tenis. Aparece cuando se produce una inflamaci\u00f3n de los tendones que unen los m\u00fasculos del antebrazo con la parte exterior del codo, y al realizar cualquier movimiento  [&#8230;]<\/p>\n","protected":false},"author":3,"featured_media":5267,"comment_status":"closed","ping_status":"open","sticky":false,"template":"","format":"standard","meta":{"footnotes":""},"categories":[2],"tags":[],"class_list":["post-4197","post","type-post","status-publish","format-standard","has-post-thumbnail","hentry","category-salud"],"yoast_head":"<!-- This site is optimized with the Yoast SEO plugin v27.5 - https:\/\/yoast.com\/product\/yoast-seo-wordpress\/ -->\n<title>\u00bfQu\u00e9 es el codo de tenista? \u00bfC\u00f3mo se trata? - Aon Seguro de Salud<\/title>\n<meta name=\"description\" content=\"El codo de tenista es una lesi\u00f3n que no aparece solo en tenistas: cualquier persona puede padecerlo. Descubre s\u00edntomas y causas aqu\u00ed.\" \/>\n<meta name=\"robots\" content=\"index, follow, max-snippet:-1, max-image-preview:large, max-video-preview:-1\" \/>\n<link rel=\"canonical\" href=\"https:\/\/www.aon.es\/personales\/seguro-salud\/blog\/codo-de-tenista\/\" \/>\n<meta property=\"og:locale\" content=\"es_ES\" \/>\n<meta property=\"og:type\" content=\"article\" \/>\n<meta property=\"og:title\" content=\"\u00bfQu\u00e9 es el codo de tenista? \u00bfC\u00f3mo se trata? - Aon Seguro de Salud\" \/>\n<meta property=\"og:description\" content=\"El codo de tenista es una lesi\u00f3n que no aparece solo en tenistas: cualquier persona puede padecerlo. Descubre s\u00edntomas y causas aqu\u00ed.\" \/>\n<meta property=\"og:url\" content=\"https:\/\/www.aon.es\/personales\/seguro-salud\/blog\/codo-de-tenista\/\" \/>\n<meta property=\"og:site_name\" content=\"Aon Seguro de Salud\" \/>\n<meta property=\"article:publisher\" content=\"https:\/\/www.facebook.com\/aon.espana1\/\" \/>\n<meta property=\"article:published_time\" content=\"2021-10-08T14:43:17+00:00\" \/>\n<meta property=\"article:modified_time\" content=\"2023-04-05T07:26:40+00:00\" \/>\n<meta property=\"og:image\" content=\"https:\/\/www.aon.es\/personales\/seguro-salud\/wp-content\/uploads\/sites\/3\/2021\/10\/codo-de-tenista-1024x702-1.jpg\" \/>\n\t<meta property=\"og:image:width\" content=\"1024\" \/>\n\t<meta property=\"og:image:height\" content=\"702\" \/>\n\t<meta property=\"og:image:type\" content=\"image\/jpeg\" \/>\n<meta name=\"author\" content=\"seguro-perro-gatos\" \/>\n<meta name=\"twitter:card\" content=\"summary_large_image\" \/>\n<meta name=\"twitter:label1\" content=\"Escrito por\" \/>\n\t<meta name=\"twitter:data1\" content=\"seguro-perro-gatos\" \/>\n\t<meta name=\"twitter:label2\" content=\"Tiempo de lectura\" \/>\n\t<meta name=\"twitter:data2\" content=\"4 minutos\" \/>\n<script type=\"application\/ld+json\" class=\"yoast-schema-graph\">{\"@context\":\"https:\\\/\\\/schema.org\",\"@graph\":[{\"@type\":\"Article\",\"@id\":\"https:\\\/\\\/www.aon.es\\\/personales\\\/seguro-salud\\\/blog\\\/codo-de-tenista\\\/#article\",\"isPartOf\":{\"@id\":\"https:\\\/\\\/www.aon.es\\\/personales\\\/seguro-salud\\\/blog\\\/codo-de-tenista\\\/\"},\"author\":{\"name\":\"seguro-perro-gatos\",\"@id\":\"https:\\\/\\\/www.aon.es\\\/personales\\\/seguro-salud\\\/#\\\/schema\\\/person\\\/33ea20a266e579ecbd19fbe0171fa22f\"},\"headline\":\"\u00bfQu\u00e9 es el codo de tenista? \u00bfPuedo tener esta lesi\u00f3n sin jugar al tenis?\",\"datePublished\":\"2021-10-08T14:43:17+00:00\",\"dateModified\":\"2023-04-05T07:26:40+00:00\",\"mainEntityOfPage\":{\"@id\":\"https:\\\/\\\/www.aon.es\\\/personales\\\/seguro-salud\\\/blog\\\/codo-de-tenista\\\/\"},\"wordCount\":818,\"publisher\":{\"@id\":\"https:\\\/\\\/www.aon.es\\\/personales\\\/seguro-salud\\\/#organization\"},\"image\":{\"@id\":\"https:\\\/\\\/www.aon.es\\\/personales\\\/seguro-salud\\\/blog\\\/codo-de-tenista\\\/#primaryimage\"},\"thumbnailUrl\":\"https:\\\/\\\/www.aon.es\\\/personales\\\/seguro-salud\\\/wp-content\\\/uploads\\\/sites\\\/3\\\/2021\\\/10\\\/codo-de-tenista-1024x702-1.jpg\",\"articleSection\":[\"Salud\"],\"inLanguage\":\"es\"},{\"@type\":\"WebPage\",\"@id\":\"https:\\\/\\\/www.aon.es\\\/personales\\\/seguro-salud\\\/blog\\\/codo-de-tenista\\\/\",\"url\":\"https:\\\/\\\/www.aon.es\\\/personales\\\/seguro-salud\\\/blog\\\/codo-de-tenista\\\/\",\"name\":\"\u00bfQu\u00e9 es el codo de tenista? \u00bfC\u00f3mo se trata? - Aon Seguro de Salud\",\"isPartOf\":{\"@id\":\"https:\\\/\\\/www.aon.es\\\/personales\\\/seguro-salud\\\/#website\"},\"primaryImageOfPage\":{\"@id\":\"https:\\\/\\\/www.aon.es\\\/personales\\\/seguro-salud\\\/blog\\\/codo-de-tenista\\\/#primaryimage\"},\"image\":{\"@id\":\"https:\\\/\\\/www.aon.es\\\/personales\\\/seguro-salud\\\/blog\\\/codo-de-tenista\\\/#primaryimage\"},\"thumbnailUrl\":\"https:\\\/\\\/www.aon.es\\\/personales\\\/seguro-salud\\\/wp-content\\\/uploads\\\/sites\\\/3\\\/2021\\\/10\\\/codo-de-tenista-1024x702-1.jpg\",\"datePublished\":\"2021-10-08T14:43:17+00:00\",\"dateModified\":\"2023-04-05T07:26:40+00:00\",\"description\":\"El codo de tenista es una lesi\u00f3n que no aparece solo en tenistas: cualquier persona puede padecerlo. Descubre s\u00edntomas y causas aqu\u00ed.\",\"breadcrumb\":{\"@id\":\"https:\\\/\\\/www.aon.es\\\/personales\\\/seguro-salud\\\/blog\\\/codo-de-tenista\\\/#breadcrumb\"},\"inLanguage\":\"es\",\"potentialAction\":[{\"@type\":\"ReadAction\",\"target\":[\"https:\\\/\\\/www.aon.es\\\/personales\\\/seguro-salud\\\/blog\\\/codo-de-tenista\\\/\"]}]},{\"@type\":\"ImageObject\",\"inLanguage\":\"es\",\"@id\":\"https:\\\/\\\/www.aon.es\\\/personales\\\/seguro-salud\\\/blog\\\/codo-de-tenista\\\/#primaryimage\",\"url\":\"https:\\\/\\\/www.aon.es\\\/personales\\\/seguro-salud\\\/wp-content\\\/uploads\\\/sites\\\/3\\\/2021\\\/10\\\/codo-de-tenista-1024x702-1.jpg\",\"contentUrl\":\"https:\\\/\\\/www.aon.es\\\/personales\\\/seguro-salud\\\/wp-content\\\/uploads\\\/sites\\\/3\\\/2021\\\/10\\\/codo-de-tenista-1024x702-1.jpg\",\"width\":1024,\"height\":702,\"caption\":\"\u00bfQu\u00e9 es el codo de tenista? \u00bfPuedo tener esta lesi\u00f3n sin jugar al tenis?\"},{\"@type\":\"BreadcrumbList\",\"@id\":\"https:\\\/\\\/www.aon.es\\\/personales\\\/seguro-salud\\\/blog\\\/codo-de-tenista\\\/#breadcrumb\",\"itemListElement\":[{\"@type\":\"ListItem\",\"position\":1,\"name\":\"Portada\",\"item\":\"https:\\\/\\\/www.aon.es\\\/personales\\\/seguro-salud\\\/\"},{\"@type\":\"ListItem\",\"position\":2,\"name\":\"\u00bfQu\u00e9 es el codo de tenista? \u00bfPuedo tener esta lesi\u00f3n sin jugar al tenis?\"}]},{\"@type\":\"WebSite\",\"@id\":\"https:\\\/\\\/www.aon.es\\\/personales\\\/seguro-salud\\\/#website\",\"url\":\"https:\\\/\\\/www.aon.es\\\/personales\\\/seguro-salud\\\/\",\"name\":\"Aon Seguro de Salud\",\"description\":\"Seguros de Salud a tu medida\",\"publisher\":{\"@id\":\"https:\\\/\\\/www.aon.es\\\/personales\\\/seguro-salud\\\/#organization\"},\"potentialAction\":[{\"@type\":\"SearchAction\",\"target\":{\"@type\":\"EntryPoint\",\"urlTemplate\":\"https:\\\/\\\/www.aon.es\\\/personales\\\/seguro-salud\\\/?s={search_term_string}\"},\"query-input\":{\"@type\":\"PropertyValueSpecification\",\"valueRequired\":true,\"valueName\":\"search_term_string\"}}],\"inLanguage\":\"es\"},{\"@type\":\"Organization\",\"@id\":\"https:\\\/\\\/www.aon.es\\\/personales\\\/seguro-salud\\\/#organization\",\"name\":\"Aon Seguro de Salud\",\"url\":\"https:\\\/\\\/www.aon.es\\\/personales\\\/seguro-salud\\\/\",\"logo\":{\"@type\":\"ImageObject\",\"inLanguage\":\"es\",\"@id\":\"https:\\\/\\\/www.aon.es\\\/personales\\\/seguro-salud\\\/#\\\/schema\\\/logo\\\/image\\\/\",\"url\":\"https:\\\/\\\/www.aon.es\\\/personales\\\/seguro-salud\\\/wp-content\\\/uploads\\\/sites\\\/3\\\/2022\\\/10\\\/aon_logo_signature_red_rgb_full.png\",\"contentUrl\":\"https:\\\/\\\/www.aon.es\\\/personales\\\/seguro-salud\\\/wp-content\\\/uploads\\\/sites\\\/3\\\/2022\\\/10\\\/aon_logo_signature_red_rgb_full.png\",\"width\":800,\"height\":483,\"caption\":\"Aon Seguro de Salud\"},\"image\":{\"@id\":\"https:\\\/\\\/www.aon.es\\\/personales\\\/seguro-salud\\\/#\\\/schema\\\/logo\\\/image\\\/\"},\"sameAs\":[\"https:\\\/\\\/www.facebook.com\\\/aon.espana1\\\/\"]},{\"@type\":\"Person\",\"@id\":\"https:\\\/\\\/www.aon.es\\\/personales\\\/seguro-salud\\\/#\\\/schema\\\/person\\\/33ea20a266e579ecbd19fbe0171fa22f\",\"name\":\"seguro-perro-gatos\",\"image\":{\"@type\":\"ImageObject\",\"inLanguage\":\"es\",\"@id\":\"https:\\\/\\\/secure.gravatar.com\\\/avatar\\\/ae3bc18cced074b070c57a7b708e1be60f3aa38bcd4451e3d3e2dba7fc1353d1?s=96&d=mm&r=g\",\"url\":\"https:\\\/\\\/secure.gravatar.com\\\/avatar\\\/ae3bc18cced074b070c57a7b708e1be60f3aa38bcd4451e3d3e2dba7fc1353d1?s=96&d=mm&r=g\",\"contentUrl\":\"https:\\\/\\\/secure.gravatar.com\\\/avatar\\\/ae3bc18cced074b070c57a7b708e1be60f3aa38bcd4451e3d3e2dba7fc1353d1?s=96&d=mm&r=g\",\"caption\":\"seguro-perro-gatos\"}}]}<\/script>\n<!-- \/ Yoast SEO plugin. -->","yoast_head_json":{"title":"\u00bfQu\u00e9 es el codo de tenista? \u00bfC\u00f3mo se trata? - Aon Seguro de Salud","description":"El codo de tenista es una lesi\u00f3n que no aparece solo en tenistas: cualquier persona puede padecerlo. Descubre s\u00edntomas y causas aqu\u00ed.","robots":{"index":"index","follow":"follow","max-snippet":"max-snippet:-1","max-image-preview":"max-image-preview:large","max-video-preview":"max-video-preview:-1"},"canonical":"https:\/\/www.aon.es\/personales\/seguro-salud\/blog\/codo-de-tenista\/","og_locale":"es_ES","og_type":"article","og_title":"\u00bfQu\u00e9 es el codo de tenista? \u00bfC\u00f3mo se trata? - Aon Seguro de Salud","og_description":"El codo de tenista es una lesi\u00f3n que no aparece solo en tenistas: cualquier persona puede padecerlo. Descubre s\u00edntomas y causas aqu\u00ed.","og_url":"https:\/\/www.aon.es\/personales\/seguro-salud\/blog\/codo-de-tenista\/","og_site_name":"Aon Seguro de Salud","article_publisher":"https:\/\/www.facebook.com\/aon.espana1\/","article_published_time":"2021-10-08T14:43:17+00:00","article_modified_time":"2023-04-05T07:26:40+00:00","og_image":[{"width":1024,"height":702,"url":"https:\/\/www.aon.es\/personales\/seguro-salud\/wp-content\/uploads\/sites\/3\/2021\/10\/codo-de-tenista-1024x702-1.jpg","type":"image\/jpeg"}],"author":"seguro-perro-gatos","twitter_card":"summary_large_image","twitter_misc":{"Escrito por":"seguro-perro-gatos","Tiempo de lectura":"4 minutos"},"schema":{"@context":"https:\/\/schema.org","@graph":[{"@type":"Article","@id":"https:\/\/www.aon.es\/personales\/seguro-salud\/blog\/codo-de-tenista\/#article","isPartOf":{"@id":"https:\/\/www.aon.es\/personales\/seguro-salud\/blog\/codo-de-tenista\/"},"author":{"name":"seguro-perro-gatos","@id":"https:\/\/www.aon.es\/personales\/seguro-salud\/#\/schema\/person\/33ea20a266e579ecbd19fbe0171fa22f"},"headline":"\u00bfQu\u00e9 es el codo de tenista? \u00bfPuedo tener esta lesi\u00f3n sin jugar al tenis?","datePublished":"2021-10-08T14:43:17+00:00","dateModified":"2023-04-05T07:26:40+00:00","mainEntityOfPage":{"@id":"https:\/\/www.aon.es\/personales\/seguro-salud\/blog\/codo-de-tenista\/"},"wordCount":818,"publisher":{"@id":"https:\/\/www.aon.es\/personales\/seguro-salud\/#organization"},"image":{"@id":"https:\/\/www.aon.es\/personales\/seguro-salud\/blog\/codo-de-tenista\/#primaryimage"},"thumbnailUrl":"https:\/\/www.aon.es\/personales\/seguro-salud\/wp-content\/uploads\/sites\/3\/2021\/10\/codo-de-tenista-1024x702-1.jpg","articleSection":["Salud"],"inLanguage":"es"},{"@type":"WebPage","@id":"https:\/\/www.aon.es\/personales\/seguro-salud\/blog\/codo-de-tenista\/","url":"https:\/\/www.aon.es\/personales\/seguro-salud\/blog\/codo-de-tenista\/","name":"\u00bfQu\u00e9 es el codo de tenista? \u00bfC\u00f3mo se trata? - Aon Seguro de Salud","isPartOf":{"@id":"https:\/\/www.aon.es\/personales\/seguro-salud\/#website"},"primaryImageOfPage":{"@id":"https:\/\/www.aon.es\/personales\/seguro-salud\/blog\/codo-de-tenista\/#primaryimage"},"image":{"@id":"https:\/\/www.aon.es\/personales\/seguro-salud\/blog\/codo-de-tenista\/#primaryimage"},"thumbnailUrl":"https:\/\/www.aon.es\/personales\/seguro-salud\/wp-content\/uploads\/sites\/3\/2021\/10\/codo-de-tenista-1024x702-1.jpg","datePublished":"2021-10-08T14:43:17+00:00","dateModified":"2023-04-05T07:26:40+00:00","description":"El codo de tenista es una lesi\u00f3n que no aparece solo en tenistas: cualquier persona puede padecerlo. Descubre s\u00edntomas y causas aqu\u00ed.","breadcrumb":{"@id":"https:\/\/www.aon.es\/personales\/seguro-salud\/blog\/codo-de-tenista\/#breadcrumb"},"inLanguage":"es","potentialAction":[{"@type":"ReadAction","target":["https:\/\/www.aon.es\/personales\/seguro-salud\/blog\/codo-de-tenista\/"]}]},{"@type":"ImageObject","inLanguage":"es","@id":"https:\/\/www.aon.es\/personales\/seguro-salud\/blog\/codo-de-tenista\/#primaryimage","url":"https:\/\/www.aon.es\/personales\/seguro-salud\/wp-content\/uploads\/sites\/3\/2021\/10\/codo-de-tenista-1024x702-1.jpg","contentUrl":"https:\/\/www.aon.es\/personales\/seguro-salud\/wp-content\/uploads\/sites\/3\/2021\/10\/codo-de-tenista-1024x702-1.jpg","width":1024,"height":702,"caption":"\u00bfQu\u00e9 es el codo de tenista? \u00bfPuedo tener esta lesi\u00f3n sin jugar al tenis?"},{"@type":"BreadcrumbList","@id":"https:\/\/www.aon.es\/personales\/seguro-salud\/blog\/codo-de-tenista\/#breadcrumb","itemListElement":[{"@type":"ListItem","position":1,"name":"Portada","item":"https:\/\/www.aon.es\/personales\/seguro-salud\/"},{"@type":"ListItem","position":2,"name":"\u00bfQu\u00e9 es el codo de tenista? \u00bfPuedo tener esta lesi\u00f3n sin jugar al tenis?"}]},{"@type":"WebSite","@id":"https:\/\/www.aon.es\/personales\/seguro-salud\/#website","url":"https:\/\/www.aon.es\/personales\/seguro-salud\/","name":"Aon Seguro de Salud","description":"Seguros de Salud a tu medida","publisher":{"@id":"https:\/\/www.aon.es\/personales\/seguro-salud\/#organization"},"potentialAction":[{"@type":"SearchAction","target":{"@type":"EntryPoint","urlTemplate":"https:\/\/www.aon.es\/personales\/seguro-salud\/?s={search_term_string}"},"query-input":{"@type":"PropertyValueSpecification","valueRequired":true,"valueName":"search_term_string"}}],"inLanguage":"es"},{"@type":"Organization","@id":"https:\/\/www.aon.es\/personales\/seguro-salud\/#organization","name":"Aon Seguro de Salud","url":"https:\/\/www.aon.es\/personales\/seguro-salud\/","logo":{"@type":"ImageObject","inLanguage":"es","@id":"https:\/\/www.aon.es\/personales\/seguro-salud\/#\/schema\/logo\/image\/","url":"https:\/\/www.aon.es\/personales\/seguro-salud\/wp-content\/uploads\/sites\/3\/2022\/10\/aon_logo_signature_red_rgb_full.png","contentUrl":"https:\/\/www.aon.es\/personales\/seguro-salud\/wp-content\/uploads\/sites\/3\/2022\/10\/aon_logo_signature_red_rgb_full.png","width":800,"height":483,"caption":"Aon Seguro de Salud"},"image":{"@id":"https:\/\/www.aon.es\/personales\/seguro-salud\/#\/schema\/logo\/image\/"},"sameAs":["https:\/\/www.facebook.com\/aon.espana1\/"]},{"@type":"Person","@id":"https:\/\/www.aon.es\/personales\/seguro-salud\/#\/schema\/person\/33ea20a266e579ecbd19fbe0171fa22f","name":"seguro-perro-gatos","image":{"@type":"ImageObject","inLanguage":"es","@id":"https:\/\/secure.gravatar.com\/avatar\/ae3bc18cced074b070c57a7b708e1be60f3aa38bcd4451e3d3e2dba7fc1353d1?s=96&d=mm&r=g","url":"https:\/\/secure.gravatar.com\/avatar\/ae3bc18cced074b070c57a7b708e1be60f3aa38bcd4451e3d3e2dba7fc1353d1?s=96&d=mm&r=g","contentUrl":"https:\/\/secure.gravatar.com\/avatar\/ae3bc18cced074b070c57a7b708e1be60f3aa38bcd4451e3d3e2dba7fc1353d1?s=96&d=mm&r=g","caption":"seguro-perro-gatos"}}]}},"_links":{"self":[{"href":"https:\/\/www.aon.es\/personales\/seguro-salud\/wp-json\/wp\/v2\/posts\/4197","targetHints":{"allow":["GET"]}}],"collection":[{"href":"https:\/\/www.aon.es\/personales\/seguro-salud\/wp-json\/wp\/v2\/posts"}],"about":[{"href":"https:\/\/www.aon.es\/personales\/seguro-salud\/wp-json\/wp\/v2\/types\/post"}],"author":[{"embeddable":true,"href":"https:\/\/www.aon.es\/personales\/seguro-salud\/wp-json\/wp\/v2\/users\/3"}],"replies":[{"embeddable":true,"href":"https:\/\/www.aon.es\/personales\/seguro-salud\/wp-json\/wp\/v2\/comments?post=4197"}],"version-history":[{"count":1,"href":"https:\/\/www.aon.es\/personales\/seguro-salud\/wp-json\/wp\/v2\/posts\/4197\/revisions"}],"predecessor-version":[{"id":5268,"href":"https:\/\/www.aon.es\/personales\/seguro-salud\/wp-json\/wp\/v2\/posts\/4197\/revisions\/5268"}],"wp:featuredmedia":[{"embeddable":true,"href":"https:\/\/www.aon.es\/personales\/seguro-salud\/wp-json\/wp\/v2\/media\/5267"}],"wp:attachment":[{"href":"https:\/\/www.aon.es\/personales\/seguro-salud\/wp-json\/wp\/v2\/media?parent=4197"}],"wp:term":[{"taxonomy":"category","embeddable":true,"href":"https:\/\/www.aon.es\/personales\/seguro-salud\/wp-json\/wp\/v2\/categories?post=4197"},{"taxonomy":"post_tag","embeddable":true,"href":"https:\/\/www.aon.es\/personales\/seguro-salud\/wp-json\/wp\/v2\/tags?post=4197"}],"curies":[{"name":"wp","href":"https:\/\/api.w.org\/{rel}","templated":true}]}}