{"id":4573,"date":"2021-12-20T14:29:18","date_gmt":"2021-12-20T13:29:18","guid":{"rendered":"https:\/\/aonsalud.es\/?p=4573"},"modified":"2023-04-05T09:26:22","modified_gmt":"2023-04-05T07:26:22","slug":"tercera-dosis-vacuna-covid","status":"publish","type":"post","link":"https:\/\/www.aon.es\/personales\/seguro-salud\/blog\/tercera-dosis-vacuna-covid\/","title":{"rendered":"Preguntas y respuestas sobre la tercera dosis de la vacuna contra la COVID-19"},"content":{"rendered":"\n<p>La tercera dosis de la vacuna contra la COVID-19 ya ha llegado a nuestro pa\u00eds, y de hecho un 22,2% de la poblaci\u00f3n ya tiene la dosis de refuerzo (10.507.992 de personas). Es el dato actualizado a 17 de diciembre de 2021 seg\u00fan el Ministerio de Sanidad.<\/p>\n\n\n\n<figure class=\"wp-block-image size-large\"><img decoding=\"async\" width=\"1024\" height=\"392\" src=\"https:\/\/www.aon.es\/personales\/seguro-salud\/wp-content\/uploads\/sites\/3\/2022\/10\/20-12-21-vacunas-1024x392.png\" alt=\"\" class=\"wp-image-5718\" srcset=\"https:\/\/www.aon.es\/personales\/seguro-salud\/wp-content\/uploads\/sites\/3\/2022\/10\/20-12-21-vacunas-200x77.png 200w, https:\/\/www.aon.es\/personales\/seguro-salud\/wp-content\/uploads\/sites\/3\/2022\/10\/20-12-21-vacunas-300x115.png 300w, https:\/\/www.aon.es\/personales\/seguro-salud\/wp-content\/uploads\/sites\/3\/2022\/10\/20-12-21-vacunas-400x153.png 400w, https:\/\/www.aon.es\/personales\/seguro-salud\/wp-content\/uploads\/sites\/3\/2022\/10\/20-12-21-vacunas-600x230.png 600w, https:\/\/www.aon.es\/personales\/seguro-salud\/wp-content\/uploads\/sites\/3\/2022\/10\/20-12-21-vacunas-768x294.png 768w, https:\/\/www.aon.es\/personales\/seguro-salud\/wp-content\/uploads\/sites\/3\/2022\/10\/20-12-21-vacunas-800x306.png 800w, https:\/\/www.aon.es\/personales\/seguro-salud\/wp-content\/uploads\/sites\/3\/2022\/10\/20-12-21-vacunas-1024x392.png 1024w, https:\/\/www.aon.es\/personales\/seguro-salud\/wp-content\/uploads\/sites\/3\/2022\/10\/20-12-21-vacunas.png 1105w\" sizes=\"(max-width: 1024px) 100vw, 1024px\" \/><\/figure>\n\n\n\n<p>La campa\u00f1a de vacunaci\u00f3n con la tercera dosis se aprob\u00f3 el 7 de septiembre de 2021, en un inicio para reforzar a las personas inmunodeprimidas. Al poco tiempo se extendi\u00f3 a las personas que viven en residencias de mayores y a los mayores de 80. Actualmente todas las personas mayores de 60 a\u00f1os y el personal sanitario tambi\u00e9n tienen a su alcance la posibilidad de ponerse la tercera dosis contra la COVID-19.<\/p>\n\n\n\n<blockquote class=\"wp-block-quote is-layout-flow wp-block-quote-is-layout-flow\"><p><i>Recuerda informarte siempre en canales oficiales, como los del <\/i><a href=\"https:\/\/www.mscbs.gob.es\/profesionales\/saludPublica\/ccayes\/alertasActual\/nCov\/vacunaCovid19.htm\"><i>Ministerio de Sanidad<\/i><\/a><i> y <\/i><a href=\"https:\/\/www.who.int\/es\/emergencies\/diseases\/novel-coronavirus-2019\/covid-19-vaccines\"><i>los de la OMS<\/i><\/a><i>.<\/i><\/p><\/blockquote>\n\n\n\n<h2 class=\"wp-block-heading\">\u00bfC\u00f3mo funcionan las vacunas contra la COVID-19?<\/h2>\n\n\n\n<figure class=\"wp-block-image\"><img decoding=\"async\" src=\"https:\/\/www.mscbs.gob.es\/profesionales\/saludPublica\/ccayes\/alertasActual\/nCov\/img\/AEMPS_Infografia-vacuna.gif\" alt=\"C\u00f3mo funcionan las vacunas covid\" \/><\/figure>\n\n\n\n<h2 class=\"wp-block-heading\">La vacuna contra la COVID-19, \u00bfsirve realmente para algo?<\/h2>\n\n\n\n<p>S\u00ed, sirve y mucho. La llegada de nuevas olas hace que algunas personas pongan en duda la eficacia de la vacuna. Sin embargo, hay que recordar que la vacuna no evita el contagio, pero s\u00ed <b>minimiza dr\u00e1sticamente la gravedad de la enfermedad<\/b>.<\/p>\n\n\n\n<p>Seg\u00fan los <a href=\"https:\/\/www.mscbs.gob.es\/profesionales\/saludPublica\/prevPromocion\/vacunaciones\/covid19\/docs\/COVID-19_Actualizacion9_Modificada_EstrategiaVacunacion.pdf\">\u00faltimos estudios publicados por el Ministerio<\/a>, la OMS ha recopilado datos a nivel europeo en los que, hasta agosto de 2021, la vacuna ha evitado el 41% de las muertes en personas de m\u00e1s de 60 a\u00f1os que podr\u00edan esperarse por la tendencia. Ese dato asciende en Espa\u00f1a, donde <b>se han evitado hasta el 64% de las muertes gracias a la vacunaci\u00f3n<\/b>.<\/p>\n\n\n\n<h2 class=\"wp-block-heading\">\u00bfQui\u00e9nes ser\u00e1n los siguientes grupos que recibir\u00e1n la tercera dosis?<\/h2>\n\n\n\n<p>Est\u00e1 previsto que el siguiente grupo de edad que reciba la tercera dosis de la vacuna contra la COVID-19 sean los mayores de 40 a\u00f1os, adem\u00e1s de polic\u00edas, bomberos y profesores de cualquier grupo de edad.<\/p>\n\n\n\n<p>Pero actualmente <a href=\"https:\/\/www.mscbs.gob.es\/profesionales\/saludPublica\/prevPromocion\/vacunaciones\/covid19\/docs\/Proximos_grupos_dosis_recuerdo.pdf\">la recomendaci\u00f3n de vacunaci\u00f3n prioritaria oficial es<\/a>:<\/p>\n\n\n\n<ol class=\"wp-block-list\"><li style=\"font-weight: 400\">La vacunaci\u00f3n para mayores de 12 a\u00f1os que todav\u00eda no han completado la primovacunaci\u00f3n.<\/li><li style=\"font-weight: 400\">La administraci\u00f3n de la dosis de recuerdo, sobre para mayores de 60 a\u00f1os.<\/li><li style=\"font-weight: 400\">La dosis de recuerdo a las personas que se vacunaron con Janssen de cualquier edad.<\/li><\/ol>\n\n\n\n<h2 class=\"wp-block-heading\">\u00bfC\u00f3mo pedir cita para recibir la tercera dosis de la vacuna contra la COVID-19?<\/h2>\n\n\n\n<p>La vacunaci\u00f3n en Espa\u00f1a se gestiona desde cada Comunidad Aut\u00f3noma. Por tanto, se debe pedir cita en la web habilitada por cada autonom\u00eda. Algunos ejemplos de p\u00e1gina web:<\/p>\n\n\n\n<ul class=\"wp-block-list\"><li style=\"font-weight: 400\"><a href=\"https:\/\/autocitavacuna.sanidadmadrid.org\/ohcitacovid\/#\/\">Comunidad de Madrid<\/a><\/li><li style=\"font-weight: 400\"><a href=\"https:\/\/vacunacovid.catsalut.gencat.cat\/\">Catalu\u00f1a<\/a><\/li><li style=\"font-weight: 400\"><a href=\"https:\/\/www.sspa.juntadeandalucia.es\/servicioandaluzdesalud\/clicsalud\/\">Andaluc\u00eda<\/a><\/li><li style=\"font-weight: 400\"><a href=\"https:\/\/www.saludinforma.es\/Vacunacion\/\">Arag\u00f3n<\/a><\/li><\/ul>\n\n\n\n<p>Consulta en tu Comunidad Aut\u00f3noma.<\/p>\n\n\n\n<h2 class=\"wp-block-heading\">\u00bfPueden ponerme otra vacuna distinta en la tercera dosis?<\/h2>\n\n\n\n<p>S\u00ed. La tercera dosis de la vacuna contra la COVID-19 se realizar\u00e1 con vacunas de tipo ARNm (las de Pfizer o Moderna), aunque anteriormente se hubiera recibido AstraZeneca o Janssen. Los estudios indican que esto no reducir\u00e1 la protecci\u00f3n ni aumentar\u00e1 los efectos secundarios, son compatibles.<\/p>\n\n\n\n<h2 class=\"wp-block-heading\">\u00bfCu\u00e1nto tiempo debe pasar entre la \u00faltima vacuna y la tercera dosis?<\/h2>\n\n\n\n<ul class=\"wp-block-list\"><li style=\"font-weight: 400\">Despu\u00e9s de recibir una vacuna tipo ARNm (Moderna o Pfizer), la dosis de recuerdo se puede administrar a partir de los 6 meses.<\/li><li style=\"font-weight: 400\">Si la \u00faltima dosis fue Janssen o Astrazeneca, la dosis de recuerdo se podr\u00e1 administrar a partir de los 3 meses.<\/li><li style=\"font-weight: 400\">Tras pasar la COVID-19 despu\u00e9s de la vacunaci\u00f3n completa, se puede poner la tercera dosis tras un mes desde la infecci\u00f3n, siempre que se cumpla el periodo de espera indicado anteriormente entre vacunas.<\/li><\/ul>\n\n\n\n<p><i>Fuente: <\/i><a href=\"https:\/\/www.comunidad.madrid\/sites\/default\/files\/doc\/sanidad\/dosis_de_recuerdo_en_poblacion_general_autocita.pdf\"><i>Comunidad de Madrid<\/i><\/a><\/p>\n\n\n\n<h2 class=\"wp-block-heading\">\u00bfCu\u00e1les son los grupos de edad con m\u00e1s contagios?<\/h2>\n\n\n\n<p>Actualmente son los ni\u00f1os, para los que ya se ha aprobado y comenzado a inocular la vacuna (de 5 a 12 a\u00f1os) y el grupo de 40 a 49 a\u00f1os.<\/p>\n\n\n\n<h2 class=\"wp-block-heading\">\u00bfQu\u00e9 sabemos sobre la vacunaci\u00f3n infantil?<\/h2>\n\n\n\n<p>Los menores de 11 a\u00f1os son el grupo con m\u00e1s incidencia actualmente, aunque el an\u00e1lisis de los sucedido en la quinta ola <a href=\"https:\/\/www.mscbs.gob.es\/profesionales\/saludPublica\/prevPromocion\/vacunaciones\/covid19\/docs\/Recomendaciones_vacunacion_infantil.pdf\">seg\u00fan los datos oficiales<\/a> indican que el 99,7% de los casos pasaron con un cuadro leve o asintom\u00e1tico. El 0,21% tuvo que ser hospitalizado, y el 0,016% ingres\u00f3 en la UCI pedi\u00e1trica. De los de los 13 casos de ni\u00f1os que ingresaron en la UCI, la mitad ten\u00eda una enfermedad grave previa.<\/p>\n\n\n\n<p><a href=\"https:\/\/www.aon.es\/personales\/seguro-salud\/blog\/covid-19-como-actuar-si-tienes-seguro-medico\/\">COVID-19: \u00bfc\u00f3mo actuar si tienes seguro m\u00e9dico?<\/a><\/p>\n\n\n\n<h5 class=\"wp-block-heading\">Consulta precios para disfrutar de la tranquilidad de estar cubierto<\/h5>\n\n\n\n<div class=\"wp-block-cover is-light\" style=\"min-height:292px;aspect-ratio:unset;\"><span aria-hidden=\"true\" class=\"wp-block-cover__background has-background-dim-100 has-background-dim\" style=\"background-color:#e5eff0\"><\/span><div class=\"wp-block-cover__inner-container is-layout-flow wp-block-cover-is-layout-flow\">\n<h3 class=\"wp-block-heading has-text-align-center has-large-font-size\">\u00bfQuieres recibir m\u00e1s informaci\u00f3n o saber cu\u00e1l es el precio de un seguro de salud para ti o para tu familia?<\/h3>\n\n\n\n<p class=\"has-text-align-center has-large-font-size\">\u00a1Rellena nuestro formulario de contacto y te llamamos!<\/p>\n\n\n\n<div class=\"wp-block-buttons is-content-justification-center is-layout-flex wp-container-core-buttons-is-layout-16018d1d wp-block-buttons-is-layout-flex\">\n<div class=\"wp-block-button has-custom-font-size is-style-fill has-normal-font-size\"><a class=\"wp-block-button__link has-awb-color-7-background-color has-background has-text-align-center wp-element-button\" href=\"https:\/\/www.aon.es\/personales\/seguro-salud\/#te-llamamos\" style=\"border-radius:8px\" target=\"_blank\" rel=\"noreferrer noopener\">Solicitar llamada<\/a><\/div>\n<\/div>\n\n\n\n<p class=\"has-text-align-center\"> <br>Te calculamos el mejor precio para disfrutar de la tranquilidad de estar cubierto.<br>Y s\u00edguenos en <a href=\"https:\/\/www.facebook.com\/AonSalud-101543888992623\"><strong>Facebook<\/strong><\/a> e <a href=\"https:\/\/www.instagram.com\/aonseguros\/\" target=\"_blank\" rel=\"noreferrer noopener\"><strong>Instagram <\/strong><\/a>para estar al d\u00eda de noticias sobre salud.<\/p>\n<\/div><\/div>\n\n\n\n<p><\/p>\n","protected":false},"excerpt":{"rendered":"<p>La tercera dosis de la vacuna contra la COVID-19 ya ha llegado a nuestro pa\u00eds, y de hecho un 22,2% de la poblaci\u00f3n ya tiene la dosis de refuerzo (10.507.992 de personas). Es el dato actualizado a 17 de diciembre de 2021 seg\u00fan el Ministerio de Sanidad. La campa\u00f1a de vacunaci\u00f3n con la tercera dosis se  [&#8230;]<\/p>\n","protected":false},"author":3,"featured_media":5211,"comment_status":"closed","ping_status":"open","sticky":false,"template":"","format":"standard","meta":{"footnotes":""},"categories":[3,2],"tags":[],"class_list":["post-4573","post","type-post","status-publish","format-standard","has-post-thumbnail","hentry","category-covid-19","category-salud"],"yoast_head":"<!-- This site is optimized with the Yoast SEO plugin v27.4 - https:\/\/yoast.com\/product\/yoast-seo-wordpress\/ -->\n<title>Sobre la tercera dosis de la vacuna contra la COVID-19 - Aon Seguro de Salud<\/title>\n<meta name=\"description\" content=\"La tercera dosis de la vacuna contra la COVID-19 ya es una realidad. Responde a todas tus dudas aqu\u00ed, consultamos solo fuentes oficiales.\" \/>\n<meta name=\"robots\" content=\"index, follow, max-snippet:-1, max-image-preview:large, max-video-preview:-1\" \/>\n<link rel=\"canonical\" href=\"https:\/\/www.aon.es\/personales\/seguro-salud\/blog\/tercera-dosis-vacuna-covid\/\" \/>\n<meta property=\"og:locale\" content=\"es_ES\" \/>\n<meta property=\"og:type\" content=\"article\" \/>\n<meta property=\"og:title\" content=\"Sobre la tercera dosis de la vacuna contra la COVID-19 - Aon Seguro de Salud\" \/>\n<meta property=\"og:description\" content=\"La tercera dosis de la vacuna contra la COVID-19 ya es una realidad. Responde a todas tus dudas aqu\u00ed, consultamos solo fuentes oficiales.\" \/>\n<meta property=\"og:url\" content=\"https:\/\/www.aon.es\/personales\/seguro-salud\/blog\/tercera-dosis-vacuna-covid\/\" \/>\n<meta property=\"og:site_name\" content=\"Aon Seguro de Salud\" \/>\n<meta property=\"article:publisher\" content=\"https:\/\/www.facebook.com\/aon.espana1\/\" \/>\n<meta property=\"article:published_time\" content=\"2021-12-20T13:29:18+00:00\" \/>\n<meta property=\"article:modified_time\" content=\"2023-04-05T07:26:22+00:00\" \/>\n<meta property=\"og:image\" content=\"https:\/\/www.aon.es\/personales\/seguro-salud\/wp-content\/uploads\/sites\/3\/2021\/12\/tercera-dosis-vacuna-covid-1024x683-1.jpg\" \/>\n\t<meta property=\"og:image:width\" content=\"1024\" \/>\n\t<meta property=\"og:image:height\" content=\"683\" \/>\n\t<meta property=\"og:image:type\" content=\"image\/jpeg\" \/>\n<meta name=\"author\" content=\"seguro-perro-gatos\" \/>\n<meta name=\"twitter:card\" content=\"summary_large_image\" \/>\n<meta name=\"twitter:label1\" content=\"Escrito por\" \/>\n\t<meta name=\"twitter:data1\" content=\"seguro-perro-gatos\" \/>\n\t<meta name=\"twitter:label2\" content=\"Tiempo de lectura\" \/>\n\t<meta name=\"twitter:data2\" content=\"4 minutos\" \/>\n<script type=\"application\/ld+json\" class=\"yoast-schema-graph\">{\"@context\":\"https:\\\/\\\/schema.org\",\"@graph\":[{\"@type\":\"Article\",\"@id\":\"https:\\\/\\\/www.aon.es\\\/personales\\\/seguro-salud\\\/blog\\\/tercera-dosis-vacuna-covid\\\/#article\",\"isPartOf\":{\"@id\":\"https:\\\/\\\/www.aon.es\\\/personales\\\/seguro-salud\\\/blog\\\/tercera-dosis-vacuna-covid\\\/\"},\"author\":{\"name\":\"seguro-perro-gatos\",\"@id\":\"https:\\\/\\\/www.aon.es\\\/personales\\\/seguro-salud\\\/#\\\/schema\\\/person\\\/33ea20a266e579ecbd19fbe0171fa22f\"},\"headline\":\"Preguntas y respuestas sobre la tercera dosis de la vacuna contra la COVID-19\",\"datePublished\":\"2021-12-20T13:29:18+00:00\",\"dateModified\":\"2023-04-05T07:26:22+00:00\",\"mainEntityOfPage\":{\"@id\":\"https:\\\/\\\/www.aon.es\\\/personales\\\/seguro-salud\\\/blog\\\/tercera-dosis-vacuna-covid\\\/\"},\"wordCount\":740,\"publisher\":{\"@id\":\"https:\\\/\\\/www.aon.es\\\/personales\\\/seguro-salud\\\/#organization\"},\"image\":{\"@id\":\"https:\\\/\\\/www.aon.es\\\/personales\\\/seguro-salud\\\/blog\\\/tercera-dosis-vacuna-covid\\\/#primaryimage\"},\"thumbnailUrl\":\"https:\\\/\\\/www.aon.es\\\/personales\\\/seguro-salud\\\/wp-content\\\/uploads\\\/sites\\\/3\\\/2021\\\/12\\\/tercera-dosis-vacuna-covid-1024x683-1.jpg\",\"articleSection\":[\"Covid-19\",\"Salud\"],\"inLanguage\":\"es\"},{\"@type\":\"WebPage\",\"@id\":\"https:\\\/\\\/www.aon.es\\\/personales\\\/seguro-salud\\\/blog\\\/tercera-dosis-vacuna-covid\\\/\",\"url\":\"https:\\\/\\\/www.aon.es\\\/personales\\\/seguro-salud\\\/blog\\\/tercera-dosis-vacuna-covid\\\/\",\"name\":\"Sobre la tercera dosis de la vacuna contra la COVID-19 - Aon Seguro de Salud\",\"isPartOf\":{\"@id\":\"https:\\\/\\\/www.aon.es\\\/personales\\\/seguro-salud\\\/#website\"},\"primaryImageOfPage\":{\"@id\":\"https:\\\/\\\/www.aon.es\\\/personales\\\/seguro-salud\\\/blog\\\/tercera-dosis-vacuna-covid\\\/#primaryimage\"},\"image\":{\"@id\":\"https:\\\/\\\/www.aon.es\\\/personales\\\/seguro-salud\\\/blog\\\/tercera-dosis-vacuna-covid\\\/#primaryimage\"},\"thumbnailUrl\":\"https:\\\/\\\/www.aon.es\\\/personales\\\/seguro-salud\\\/wp-content\\\/uploads\\\/sites\\\/3\\\/2021\\\/12\\\/tercera-dosis-vacuna-covid-1024x683-1.jpg\",\"datePublished\":\"2021-12-20T13:29:18+00:00\",\"dateModified\":\"2023-04-05T07:26:22+00:00\",\"description\":\"La tercera dosis de la vacuna contra la COVID-19 ya es una realidad. Responde a todas tus dudas aqu\u00ed, consultamos solo fuentes oficiales.\",\"breadcrumb\":{\"@id\":\"https:\\\/\\\/www.aon.es\\\/personales\\\/seguro-salud\\\/blog\\\/tercera-dosis-vacuna-covid\\\/#breadcrumb\"},\"inLanguage\":\"es\",\"potentialAction\":[{\"@type\":\"ReadAction\",\"target\":[\"https:\\\/\\\/www.aon.es\\\/personales\\\/seguro-salud\\\/blog\\\/tercera-dosis-vacuna-covid\\\/\"]}]},{\"@type\":\"ImageObject\",\"inLanguage\":\"es\",\"@id\":\"https:\\\/\\\/www.aon.es\\\/personales\\\/seguro-salud\\\/blog\\\/tercera-dosis-vacuna-covid\\\/#primaryimage\",\"url\":\"https:\\\/\\\/www.aon.es\\\/personales\\\/seguro-salud\\\/wp-content\\\/uploads\\\/sites\\\/3\\\/2021\\\/12\\\/tercera-dosis-vacuna-covid-1024x683-1.jpg\",\"contentUrl\":\"https:\\\/\\\/www.aon.es\\\/personales\\\/seguro-salud\\\/wp-content\\\/uploads\\\/sites\\\/3\\\/2021\\\/12\\\/tercera-dosis-vacuna-covid-1024x683-1.jpg\",\"width\":1024,\"height\":683,\"caption\":\"Preguntas y respuestas sobre la tercera dosis de la vacuna contra la COVID-19\"},{\"@type\":\"BreadcrumbList\",\"@id\":\"https:\\\/\\\/www.aon.es\\\/personales\\\/seguro-salud\\\/blog\\\/tercera-dosis-vacuna-covid\\\/#breadcrumb\",\"itemListElement\":[{\"@type\":\"ListItem\",\"position\":1,\"name\":\"Portada\",\"item\":\"https:\\\/\\\/www.aon.es\\\/personales\\\/seguro-salud\\\/\"},{\"@type\":\"ListItem\",\"position\":2,\"name\":\"Preguntas y respuestas sobre la tercera dosis de la vacuna contra la COVID-19\"}]},{\"@type\":\"WebSite\",\"@id\":\"https:\\\/\\\/www.aon.es\\\/personales\\\/seguro-salud\\\/#website\",\"url\":\"https:\\\/\\\/www.aon.es\\\/personales\\\/seguro-salud\\\/\",\"name\":\"Aon Seguro de Salud\",\"description\":\"Seguros de Salud a tu medida\",\"publisher\":{\"@id\":\"https:\\\/\\\/www.aon.es\\\/personales\\\/seguro-salud\\\/#organization\"},\"potentialAction\":[{\"@type\":\"SearchAction\",\"target\":{\"@type\":\"EntryPoint\",\"urlTemplate\":\"https:\\\/\\\/www.aon.es\\\/personales\\\/seguro-salud\\\/?s={search_term_string}\"},\"query-input\":{\"@type\":\"PropertyValueSpecification\",\"valueRequired\":true,\"valueName\":\"search_term_string\"}}],\"inLanguage\":\"es\"},{\"@type\":\"Organization\",\"@id\":\"https:\\\/\\\/www.aon.es\\\/personales\\\/seguro-salud\\\/#organization\",\"name\":\"Aon Seguro de Salud\",\"url\":\"https:\\\/\\\/www.aon.es\\\/personales\\\/seguro-salud\\\/\",\"logo\":{\"@type\":\"ImageObject\",\"inLanguage\":\"es\",\"@id\":\"https:\\\/\\\/www.aon.es\\\/personales\\\/seguro-salud\\\/#\\\/schema\\\/logo\\\/image\\\/\",\"url\":\"https:\\\/\\\/www.aon.es\\\/personales\\\/seguro-salud\\\/wp-content\\\/uploads\\\/sites\\\/3\\\/2022\\\/10\\\/aon_logo_signature_red_rgb_full.png\",\"contentUrl\":\"https:\\\/\\\/www.aon.es\\\/personales\\\/seguro-salud\\\/wp-content\\\/uploads\\\/sites\\\/3\\\/2022\\\/10\\\/aon_logo_signature_red_rgb_full.png\",\"width\":800,\"height\":483,\"caption\":\"Aon Seguro de Salud\"},\"image\":{\"@id\":\"https:\\\/\\\/www.aon.es\\\/personales\\\/seguro-salud\\\/#\\\/schema\\\/logo\\\/image\\\/\"},\"sameAs\":[\"https:\\\/\\\/www.facebook.com\\\/aon.espana1\\\/\"]},{\"@type\":\"Person\",\"@id\":\"https:\\\/\\\/www.aon.es\\\/personales\\\/seguro-salud\\\/#\\\/schema\\\/person\\\/33ea20a266e579ecbd19fbe0171fa22f\",\"name\":\"seguro-perro-gatos\",\"image\":{\"@type\":\"ImageObject\",\"inLanguage\":\"es\",\"@id\":\"https:\\\/\\\/secure.gravatar.com\\\/avatar\\\/ae3bc18cced074b070c57a7b708e1be60f3aa38bcd4451e3d3e2dba7fc1353d1?s=96&d=mm&r=g\",\"url\":\"https:\\\/\\\/secure.gravatar.com\\\/avatar\\\/ae3bc18cced074b070c57a7b708e1be60f3aa38bcd4451e3d3e2dba7fc1353d1?s=96&d=mm&r=g\",\"contentUrl\":\"https:\\\/\\\/secure.gravatar.com\\\/avatar\\\/ae3bc18cced074b070c57a7b708e1be60f3aa38bcd4451e3d3e2dba7fc1353d1?s=96&d=mm&r=g\",\"caption\":\"seguro-perro-gatos\"}}]}<\/script>\n<!-- \/ Yoast SEO plugin. -->","yoast_head_json":{"title":"Sobre la tercera dosis de la vacuna contra la COVID-19 - Aon Seguro de Salud","description":"La tercera dosis de la vacuna contra la COVID-19 ya es una realidad. Responde a todas tus dudas aqu\u00ed, consultamos solo fuentes oficiales.","robots":{"index":"index","follow":"follow","max-snippet":"max-snippet:-1","max-image-preview":"max-image-preview:large","max-video-preview":"max-video-preview:-1"},"canonical":"https:\/\/www.aon.es\/personales\/seguro-salud\/blog\/tercera-dosis-vacuna-covid\/","og_locale":"es_ES","og_type":"article","og_title":"Sobre la tercera dosis de la vacuna contra la COVID-19 - Aon Seguro de Salud","og_description":"La tercera dosis de la vacuna contra la COVID-19 ya es una realidad. Responde a todas tus dudas aqu\u00ed, consultamos solo fuentes oficiales.","og_url":"https:\/\/www.aon.es\/personales\/seguro-salud\/blog\/tercera-dosis-vacuna-covid\/","og_site_name":"Aon Seguro de Salud","article_publisher":"https:\/\/www.facebook.com\/aon.espana1\/","article_published_time":"2021-12-20T13:29:18+00:00","article_modified_time":"2023-04-05T07:26:22+00:00","og_image":[{"width":1024,"height":683,"url":"https:\/\/www.aon.es\/personales\/seguro-salud\/wp-content\/uploads\/sites\/3\/2021\/12\/tercera-dosis-vacuna-covid-1024x683-1.jpg","type":"image\/jpeg"}],"author":"seguro-perro-gatos","twitter_card":"summary_large_image","twitter_misc":{"Escrito por":"seguro-perro-gatos","Tiempo de lectura":"4 minutos"},"schema":{"@context":"https:\/\/schema.org","@graph":[{"@type":"Article","@id":"https:\/\/www.aon.es\/personales\/seguro-salud\/blog\/tercera-dosis-vacuna-covid\/#article","isPartOf":{"@id":"https:\/\/www.aon.es\/personales\/seguro-salud\/blog\/tercera-dosis-vacuna-covid\/"},"author":{"name":"seguro-perro-gatos","@id":"https:\/\/www.aon.es\/personales\/seguro-salud\/#\/schema\/person\/33ea20a266e579ecbd19fbe0171fa22f"},"headline":"Preguntas y respuestas sobre la tercera dosis de la vacuna contra la COVID-19","datePublished":"2021-12-20T13:29:18+00:00","dateModified":"2023-04-05T07:26:22+00:00","mainEntityOfPage":{"@id":"https:\/\/www.aon.es\/personales\/seguro-salud\/blog\/tercera-dosis-vacuna-covid\/"},"wordCount":740,"publisher":{"@id":"https:\/\/www.aon.es\/personales\/seguro-salud\/#organization"},"image":{"@id":"https:\/\/www.aon.es\/personales\/seguro-salud\/blog\/tercera-dosis-vacuna-covid\/#primaryimage"},"thumbnailUrl":"https:\/\/www.aon.es\/personales\/seguro-salud\/wp-content\/uploads\/sites\/3\/2021\/12\/tercera-dosis-vacuna-covid-1024x683-1.jpg","articleSection":["Covid-19","Salud"],"inLanguage":"es"},{"@type":"WebPage","@id":"https:\/\/www.aon.es\/personales\/seguro-salud\/blog\/tercera-dosis-vacuna-covid\/","url":"https:\/\/www.aon.es\/personales\/seguro-salud\/blog\/tercera-dosis-vacuna-covid\/","name":"Sobre la tercera dosis de la vacuna contra la COVID-19 - Aon Seguro de Salud","isPartOf":{"@id":"https:\/\/www.aon.es\/personales\/seguro-salud\/#website"},"primaryImageOfPage":{"@id":"https:\/\/www.aon.es\/personales\/seguro-salud\/blog\/tercera-dosis-vacuna-covid\/#primaryimage"},"image":{"@id":"https:\/\/www.aon.es\/personales\/seguro-salud\/blog\/tercera-dosis-vacuna-covid\/#primaryimage"},"thumbnailUrl":"https:\/\/www.aon.es\/personales\/seguro-salud\/wp-content\/uploads\/sites\/3\/2021\/12\/tercera-dosis-vacuna-covid-1024x683-1.jpg","datePublished":"2021-12-20T13:29:18+00:00","dateModified":"2023-04-05T07:26:22+00:00","description":"La tercera dosis de la vacuna contra la COVID-19 ya es una realidad. Responde a todas tus dudas aqu\u00ed, consultamos solo fuentes oficiales.","breadcrumb":{"@id":"https:\/\/www.aon.es\/personales\/seguro-salud\/blog\/tercera-dosis-vacuna-covid\/#breadcrumb"},"inLanguage":"es","potentialAction":[{"@type":"ReadAction","target":["https:\/\/www.aon.es\/personales\/seguro-salud\/blog\/tercera-dosis-vacuna-covid\/"]}]},{"@type":"ImageObject","inLanguage":"es","@id":"https:\/\/www.aon.es\/personales\/seguro-salud\/blog\/tercera-dosis-vacuna-covid\/#primaryimage","url":"https:\/\/www.aon.es\/personales\/seguro-salud\/wp-content\/uploads\/sites\/3\/2021\/12\/tercera-dosis-vacuna-covid-1024x683-1.jpg","contentUrl":"https:\/\/www.aon.es\/personales\/seguro-salud\/wp-content\/uploads\/sites\/3\/2021\/12\/tercera-dosis-vacuna-covid-1024x683-1.jpg","width":1024,"height":683,"caption":"Preguntas y respuestas sobre la tercera dosis de la vacuna contra la COVID-19"},{"@type":"BreadcrumbList","@id":"https:\/\/www.aon.es\/personales\/seguro-salud\/blog\/tercera-dosis-vacuna-covid\/#breadcrumb","itemListElement":[{"@type":"ListItem","position":1,"name":"Portada","item":"https:\/\/www.aon.es\/personales\/seguro-salud\/"},{"@type":"ListItem","position":2,"name":"Preguntas y respuestas sobre la tercera dosis de la vacuna contra la COVID-19"}]},{"@type":"WebSite","@id":"https:\/\/www.aon.es\/personales\/seguro-salud\/#website","url":"https:\/\/www.aon.es\/personales\/seguro-salud\/","name":"Aon Seguro de Salud","description":"Seguros de Salud a tu medida","publisher":{"@id":"https:\/\/www.aon.es\/personales\/seguro-salud\/#organization"},"potentialAction":[{"@type":"SearchAction","target":{"@type":"EntryPoint","urlTemplate":"https:\/\/www.aon.es\/personales\/seguro-salud\/?s={search_term_string}"},"query-input":{"@type":"PropertyValueSpecification","valueRequired":true,"valueName":"search_term_string"}}],"inLanguage":"es"},{"@type":"Organization","@id":"https:\/\/www.aon.es\/personales\/seguro-salud\/#organization","name":"Aon Seguro de Salud","url":"https:\/\/www.aon.es\/personales\/seguro-salud\/","logo":{"@type":"ImageObject","inLanguage":"es","@id":"https:\/\/www.aon.es\/personales\/seguro-salud\/#\/schema\/logo\/image\/","url":"https:\/\/www.aon.es\/personales\/seguro-salud\/wp-content\/uploads\/sites\/3\/2022\/10\/aon_logo_signature_red_rgb_full.png","contentUrl":"https:\/\/www.aon.es\/personales\/seguro-salud\/wp-content\/uploads\/sites\/3\/2022\/10\/aon_logo_signature_red_rgb_full.png","width":800,"height":483,"caption":"Aon Seguro de Salud"},"image":{"@id":"https:\/\/www.aon.es\/personales\/seguro-salud\/#\/schema\/logo\/image\/"},"sameAs":["https:\/\/www.facebook.com\/aon.espana1\/"]},{"@type":"Person","@id":"https:\/\/www.aon.es\/personales\/seguro-salud\/#\/schema\/person\/33ea20a266e579ecbd19fbe0171fa22f","name":"seguro-perro-gatos","image":{"@type":"ImageObject","inLanguage":"es","@id":"https:\/\/secure.gravatar.com\/avatar\/ae3bc18cced074b070c57a7b708e1be60f3aa38bcd4451e3d3e2dba7fc1353d1?s=96&d=mm&r=g","url":"https:\/\/secure.gravatar.com\/avatar\/ae3bc18cced074b070c57a7b708e1be60f3aa38bcd4451e3d3e2dba7fc1353d1?s=96&d=mm&r=g","contentUrl":"https:\/\/secure.gravatar.com\/avatar\/ae3bc18cced074b070c57a7b708e1be60f3aa38bcd4451e3d3e2dba7fc1353d1?s=96&d=mm&r=g","caption":"seguro-perro-gatos"}}]}},"_links":{"self":[{"href":"https:\/\/www.aon.es\/personales\/seguro-salud\/wp-json\/wp\/v2\/posts\/4573","targetHints":{"allow":["GET"]}}],"collection":[{"href":"https:\/\/www.aon.es\/personales\/seguro-salud\/wp-json\/wp\/v2\/posts"}],"about":[{"href":"https:\/\/www.aon.es\/personales\/seguro-salud\/wp-json\/wp\/v2\/types\/post"}],"author":[{"embeddable":true,"href":"https:\/\/www.aon.es\/personales\/seguro-salud\/wp-json\/wp\/v2\/users\/3"}],"replies":[{"embeddable":true,"href":"https:\/\/www.aon.es\/personales\/seguro-salud\/wp-json\/wp\/v2\/comments?post=4573"}],"version-history":[{"count":3,"href":"https:\/\/www.aon.es\/personales\/seguro-salud\/wp-json\/wp\/v2\/posts\/4573\/revisions"}],"predecessor-version":[{"id":6319,"href":"https:\/\/www.aon.es\/personales\/seguro-salud\/wp-json\/wp\/v2\/posts\/4573\/revisions\/6319"}],"wp:featuredmedia":[{"embeddable":true,"href":"https:\/\/www.aon.es\/personales\/seguro-salud\/wp-json\/wp\/v2\/media\/5211"}],"wp:attachment":[{"href":"https:\/\/www.aon.es\/personales\/seguro-salud\/wp-json\/wp\/v2\/media?parent=4573"}],"wp:term":[{"taxonomy":"category","embeddable":true,"href":"https:\/\/www.aon.es\/personales\/seguro-salud\/wp-json\/wp\/v2\/categories?post=4573"},{"taxonomy":"post_tag","embeddable":true,"href":"https:\/\/www.aon.es\/personales\/seguro-salud\/wp-json\/wp\/v2\/tags?post=4573"}],"curies":[{"name":"wp","href":"https:\/\/api.w.org\/{rel}","templated":true}]}}