{"id":3133,"date":"2023-04-19T15:51:28","date_gmt":"2023-04-19T13:51:28","guid":{"rendered":"https:\/\/www.aon.es\/profesionales\/abogados\/?p=3133"},"modified":"2023-11-08T11:21:25","modified_gmt":"2023-11-08T10:21:25","slug":"aon-patrocina-congreso-abogacia-espanola","status":"publish","type":"post","link":"https:\/\/www.aon.es\/profesionales\/abogados\/aon-patrocina-congreso-abogacia-espanola\/","title":{"rendered":"Aon patrocina el mayor Congreso de la Abogac\u00eda Espa\u00f1ola"},"content":{"rendered":"\n<p>Aon patrocina el <a href=\"https:\/\/congreso.abogacia.es\/\"><strong>XIII Congreso de la Abogac\u00eda Espa\u00f1ola<\/strong><\/a> que se celebra los d\u00edas 3, 4 y 5 de mayo en el Centro de Convenciones de PortAventura.<\/p>\n\n\n\n<p>Este evento, organizado bajo el lema \u201cPor la cultura del acuerdo\u201d, reunir\u00e1 a <strong>m\u00e1s de 2.000 abogados<\/strong> en un espacio de m\u00e1s de 26.000 metros cuadrados y que contar\u00e1 con m\u00e1s de 40 expositores, como Aon, que ofrecen servicios a la Abogac\u00eda.<\/p>\n\n\n\n<p>El Congreso est\u00e1 organizado por el Consejo General de la Abogac\u00eda y los Colegios de Reus, Tortosa y Tarragona. Sus objetivos son debatir sobre el futuro de la Abogac\u00eda en un entorno cambiante y, al mismo tiempo, c\u00f3mo contribuir a <strong>promover la cultura del acuerdo<\/strong>.<\/p>\n\n\n\n<h3 class=\"wp-block-heading\"><strong>Ponencias del Congreso de la Abogac\u00eda<\/strong><\/h3>\n\n\n\n<p>Durante el Congreso de la Abogac\u00eda se presentar\u00e1n cuatro grandes <strong>ponencias generales<\/strong> y m\u00e1s de 40 comunicaciones relacionadas con estas grandes \u00e1reas de inter\u00e9s de la Abogac\u00eda:<\/p>\n\n\n\n<ul class=\"wp-block-list\">\n<li>Ponencia \u201cIntermediaci\u00f3n y nuevos modelos de negocio (Francisco Caama\u00f1o)<\/li>\n\n\n\n<li>Ponencia \u201cDefensa de derechos y libertades hoy\u201d (Jes\u00fas Rem\u00f3n).<\/li>\n\n\n\n<li>Ponencia \u201cAvances y desaf\u00edos de la regulaci\u00f3n Deontol\u00f3gica\u201d (Jos\u00e9 Ram\u00f3n Chaves).<\/li>\n\n\n\n<li>Ponencia \u201cEspecialidades y Formaci\u00f3n Legal Continua\u201d (Mar\u00eda Emilia Casas).<\/li>\n<\/ul>\n\n\n\n<p>Este Congreso tiene especial relevancia para los profesionales del Derecho. De acuerdo con el <strong>Estatuto General de la Abogac\u00eda Espa\u00f1ola<\/strong>, las conclusiones aprobadas por los Congresos Nacionales definen las orientaciones futuras para los \u00f3rganos y organismos corporativos de la Abogac\u00eda para los siguientes cuatro a\u00f1os. En este sentido, las conclusiones aprobadas durante esta reuni\u00f3n constituir\u00e1n las <strong>orientaciones hasta el a\u00f1o 2027<\/strong> para los \u00f3rganos y organismos corporativos de la Abogac\u00eda.<\/p>\n\n\n\n<p>A lo largo del Congreso tambi\u00e9n se desarrollar\u00e1n <strong>m\u00e1s de 60 sesiones formativas<\/strong> relacionadas con la pr\u00e1ctica jur\u00eddica procesal, las nuevas reformas legales, la cultura del acuerdo, las habilidades profesionales, la tecnolog\u00eda para la pr\u00e1ctica profesional o las <strong>buenas pr\u00e1cticas del despacho<\/strong>. Esta reuni\u00f3n es una oportunidad para que los abogados y abogadas puedan reforzar la formaci\u00f3n continuada en temas clave para su ejercicio profesional.<\/p>\n\n\n\n<p>Los Colegios de Abogados de Tarragona, Reus y Tortosa son los anfitriones del evento.<\/p>\n\n\n\n<h3 class=\"wp-block-heading\"><strong>Presentamos nuevo seguro Ciber<\/strong><\/h3>\n\n\n\n<p>Aon, que es la corredur\u00eda de seguros <strong>l\u00edder en seguros para abogados<\/strong>, estar\u00e1 presente como expositor ORO.<\/p>\n\n\n\n<p>En este espacio presentaremos las nuevas soluciones como los <a href=\"https:\/\/www.aon.es\/profesionales\/abogados\/ciberseguro\/\"><strong>seguros ciber para abogados<\/strong><\/a> a fin de cubrir los nuevos riesgos derivados de ciberataques y otras amenazas digitales.<\/p>\n\n\n\n<p>Este nuevo <strong>ciberseguro para la abogac\u00eda<\/strong> cubre los costes financieros y el impacto en la actividad de los abogados como consecuencia de incidentes cibern\u00e9ticos.<\/p>\n\n\n\n<p>Entre otras cobertura, este seguro ciber garantiza las indemnizaciones por responsabilidades a terceros, las sanciones administrativas, los gastos para mitigar las posibles p\u00e9rdidas, los gastos de recuperaci\u00f3n de datos o sistemas, el uso fraudulento de identidad, etc.<\/p>\n\n\n\n<p>Esta p\u00f3liza incorpora servicios adicionales que ayudan a prevenir los posibles ciberataques y, si estos ocurren, facilitan restablecer los sistemas mediante apoyo tecnol\u00f3gico, investigaciones forenses, etc.<\/p>\n\n\n\n<blockquote class=\"wp-block-quote is-layout-flow wp-block-quote-is-layout-flow\">\n<p>Puede que te interese este post sobre <a href=\"https:\/\/www.aon.es\/profesionales\/abogados\/como-afectan-ciberriesgos-abogados\/\">\u00bfC\u00f3mo afectan los ciberriesgos a los abogados?<\/a><\/p>\n<\/blockquote>\n\n\n\n<p>Durante este Congreso, tambi\u00e9n presentaremos las nuevas coberturas y servicios que hemos negociado para los <strong>seguros de salud<\/strong> especialmente dise\u00f1ados para la Abogac\u00eda.<\/p>\n\n\n\n<p>Actualmente Aon ofrece sus servicios a cerca de 100.000 abogados. Somos los mayores especialistas en seguros de responsabilidad civil para abogados ofreciendo nuestras soluciones a trav\u00e9s de m\u00e1s de 40 Colegios de Abogados. A nivel internacional, somos la corredur\u00eda de seguros de referencia para la Abogac\u00eda en pa\u00edses como Francia, Irlanda o Italia.<\/p>\n\n\n\n<hr class=\"wp-block-separator has-text-color has-alpha-channel-opacity has-background is-style-default\" style=\"background-color:#acc0c4;color:#acc0c4\" \/>\n\n\n\n<h4 class=\"wp-block-heading has-text-align-center\">\u00bfQuieres saber el precio de tu seguro de Responsabilidad Civil para abogados?<\/h4>\n\n\n\n<p class=\"has-text-align-center\">Solicita precio sin ning\u00fan compromiso.<\/p>\n\n\n\n<div class=\"wp-block-buttons is-content-justification-center is-layout-flex wp-container-core-buttons-is-layout-16018d1d wp-block-buttons-is-layout-flex\">\n<div class=\"wp-block-button\"><a class=\"wp-block-button__link has-white-color has-text-color has-background has-link-color wp-element-button\" href=\"https:\/\/www.aon.es\/services\/aonabogados\" style=\"border-radius:8px;background-color:#eb0017\" target=\"_blank\" rel=\"noreferrer noopener\">Calcular seguro<\/a><\/div>\n<\/div>\n\n\n\n<hr class=\"wp-block-separator has-alpha-channel-opacity\" \/>\n","protected":false},"excerpt":{"rendered":"<p>Aon patrocina el XIII Congreso de la Abogac\u00eda Espa\u00f1ola que se celebra los d\u00edas 3, 4 y 5 de mayo en el Centro de Convenciones de PortAventura. Este evento, organizado bajo el lema \u201cPor la cultura del acuerdo\u201d, reunir\u00e1 a m\u00e1s de 2.000 abogados en un espacio de m\u00e1s de 26.000 metros cuadrados y que [&hellip;]<\/p>\n","protected":false},"author":5,"featured_media":3134,"comment_status":"closed","ping_status":"open","sticky":false,"template":"","format":"standard","meta":{"footnotes":""},"categories":[85,2],"tags":[101,98,97,99,94,96,95,100],"class_list":["post-3133","post","type-post","status-publish","format-standard","has-post-thumbnail","hentry","category-ciberseguridad","category-responsabilidad-civil","tag-como-contratar-seguros-ciber-para-abogados","tag-como-participar-congreso-de-la-abogacia","tag-cuando-es-el-congreso-de-la-abogacia","tag-agenda-congreso-de-la-abogacia","tag-aon-patrocina-congreso-abogacia-espanola","tag-aon-seguros-abogados","tag-patrocinio-abogacia","tag-seguros-ciber-para-abogados"],"yoast_head":"<!-- This site is optimized with the Yoast SEO plugin v27.5 - https:\/\/yoast.com\/product\/yoast-seo-wordpress\/ -->\n<title>Aon patrocina el mayor Congreso de la Abogac\u00eda Espa\u00f1ola<\/title>\n<meta name=\"description\" content=\"Aon patrocina el XIII Congreso de la Abogac\u00eda Espa\u00f1ola que se celebra los d\u00edas 3, 4 y 5 de mayo en el Centro de Convenciones de PortAventura.\" \/>\n<meta name=\"robots\" content=\"index, follow, max-snippet:-1, max-image-preview:large, max-video-preview:-1\" \/>\n<link rel=\"canonical\" href=\"https:\/\/www.aon.es\/profesionales\/abogados\/aon-patrocina-congreso-abogacia-espanola\/\" \/>\n<meta property=\"og:locale\" content=\"es_ES\" \/>\n<meta property=\"og:type\" content=\"article\" \/>\n<meta property=\"og:title\" content=\"Aon patrocina el mayor Congreso de la Abogac\u00eda Espa\u00f1ola\" \/>\n<meta property=\"og:description\" content=\"Aon patrocina el XIII Congreso de la Abogac\u00eda Espa\u00f1ola que se celebra los d\u00edas 3, 4 y 5 de mayo en el Centro de Convenciones de PortAventura.\" \/>\n<meta property=\"og:url\" content=\"https:\/\/www.aon.es\/profesionales\/abogados\/aon-patrocina-congreso-abogacia-espanola\/\" \/>\n<meta property=\"og:site_name\" content=\"Seguros para Abogados Aon\" \/>\n<meta property=\"article:published_time\" content=\"2023-04-19T13:51:28+00:00\" \/>\n<meta property=\"article:modified_time\" content=\"2023-11-08T10:21:25+00:00\" \/>\n<meta property=\"og:image\" content=\"https:\/\/www.aon.es\/profesionales\/abogados\/wp-content\/uploads\/sites\/3\/2023\/04\/congreso_abogacia.png\" \/>\n\t<meta property=\"og:image:width\" content=\"1000\" \/>\n\t<meta property=\"og:image:height\" content=\"500\" \/>\n\t<meta property=\"og:image:type\" content=\"image\/png\" \/>\n<meta name=\"twitter:card\" content=\"summary_large_image\" \/>\n<meta name=\"twitter:label1\" content=\"Escrito por\" \/>\n\t<meta name=\"twitter:data1\" content=\"\" \/>\n\t<meta name=\"twitter:label2\" content=\"Tiempo de lectura\" \/>\n\t<meta name=\"twitter:data2\" content=\"3 minutos\" \/>\n<script type=\"application\/ld+json\" class=\"yoast-schema-graph\">{\"@context\":\"https:\\\/\\\/schema.org\",\"@graph\":[{\"@type\":\"Article\",\"@id\":\"https:\\\/\\\/www.aon.es\\\/profesionales\\\/abogados\\\/aon-patrocina-congreso-abogacia-espanola\\\/#article\",\"isPartOf\":{\"@id\":\"https:\\\/\\\/www.aon.es\\\/profesionales\\\/abogados\\\/aon-patrocina-congreso-abogacia-espanola\\\/\"},\"author\":{\"name\":\"\",\"@id\":\"\"},\"headline\":\"Aon patrocina el mayor Congreso de la Abogac\u00eda Espa\u00f1ola\",\"datePublished\":\"2023-04-19T13:51:28+00:00\",\"dateModified\":\"2023-11-08T10:21:25+00:00\",\"mainEntityOfPage\":{\"@id\":\"https:\\\/\\\/www.aon.es\\\/profesionales\\\/abogados\\\/aon-patrocina-congreso-abogacia-espanola\\\/\"},\"wordCount\":620,\"image\":{\"@id\":\"https:\\\/\\\/www.aon.es\\\/profesionales\\\/abogados\\\/aon-patrocina-congreso-abogacia-espanola\\\/#primaryimage\"},\"thumbnailUrl\":\"https:\\\/\\\/www.aon.es\\\/profesionales\\\/abogados\\\/wp-content\\\/uploads\\\/sites\\\/3\\\/2023\\\/04\\\/congreso_abogacia.png\",\"keywords\":[\"\u00bfC\u00f3mo contratar Seguros Ciber para abogados\",\"\u00bfC\u00f3mo participar congreso de la abogac\u00eda?\",\"\u00bfCu\u00e1ndo es el Congreso de la abogac\u00eda?\",\"Agenda Congreso de la Abogac\u00eda\",\"Aon patrocina congreso abogac\u00eda Espa\u00f1ola\",\"Aon Seguros Abogados\",\"Patrocinio abogacia\",\"Seguros Ciber para abogados\"],\"articleSection\":[\"Ciberseguridad\",\"Responsabilidad Civil\"],\"inLanguage\":\"es\"},{\"@type\":\"WebPage\",\"@id\":\"https:\\\/\\\/www.aon.es\\\/profesionales\\\/abogados\\\/aon-patrocina-congreso-abogacia-espanola\\\/\",\"url\":\"https:\\\/\\\/www.aon.es\\\/profesionales\\\/abogados\\\/aon-patrocina-congreso-abogacia-espanola\\\/\",\"name\":\"Aon patrocina el mayor Congreso de la Abogac\u00eda Espa\u00f1ola\",\"isPartOf\":{\"@id\":\"https:\\\/\\\/www.aon.es\\\/profesionales\\\/abogados\\\/#website\"},\"primaryImageOfPage\":{\"@id\":\"https:\\\/\\\/www.aon.es\\\/profesionales\\\/abogados\\\/aon-patrocina-congreso-abogacia-espanola\\\/#primaryimage\"},\"image\":{\"@id\":\"https:\\\/\\\/www.aon.es\\\/profesionales\\\/abogados\\\/aon-patrocina-congreso-abogacia-espanola\\\/#primaryimage\"},\"thumbnailUrl\":\"https:\\\/\\\/www.aon.es\\\/profesionales\\\/abogados\\\/wp-content\\\/uploads\\\/sites\\\/3\\\/2023\\\/04\\\/congreso_abogacia.png\",\"datePublished\":\"2023-04-19T13:51:28+00:00\",\"dateModified\":\"2023-11-08T10:21:25+00:00\",\"author\":{\"@id\":\"\"},\"description\":\"Aon patrocina el XIII Congreso de la Abogac\u00eda Espa\u00f1ola que se celebra los d\u00edas 3, 4 y 5 de mayo en el Centro de Convenciones de PortAventura.\",\"breadcrumb\":{\"@id\":\"https:\\\/\\\/www.aon.es\\\/profesionales\\\/abogados\\\/aon-patrocina-congreso-abogacia-espanola\\\/#breadcrumb\"},\"inLanguage\":\"es\",\"potentialAction\":[{\"@type\":\"ReadAction\",\"target\":[\"https:\\\/\\\/www.aon.es\\\/profesionales\\\/abogados\\\/aon-patrocina-congreso-abogacia-espanola\\\/\"]}]},{\"@type\":\"ImageObject\",\"inLanguage\":\"es\",\"@id\":\"https:\\\/\\\/www.aon.es\\\/profesionales\\\/abogados\\\/aon-patrocina-congreso-abogacia-espanola\\\/#primaryimage\",\"url\":\"https:\\\/\\\/www.aon.es\\\/profesionales\\\/abogados\\\/wp-content\\\/uploads\\\/sites\\\/3\\\/2023\\\/04\\\/congreso_abogacia.png\",\"contentUrl\":\"https:\\\/\\\/www.aon.es\\\/profesionales\\\/abogados\\\/wp-content\\\/uploads\\\/sites\\\/3\\\/2023\\\/04\\\/congreso_abogacia.png\",\"width\":1000,\"height\":500},{\"@type\":\"BreadcrumbList\",\"@id\":\"https:\\\/\\\/www.aon.es\\\/profesionales\\\/abogados\\\/aon-patrocina-congreso-abogacia-espanola\\\/#breadcrumb\",\"itemListElement\":[{\"@type\":\"ListItem\",\"position\":1,\"name\":\"Portada\",\"item\":\"https:\\\/\\\/www.aon.es\\\/profesionales\\\/abogados\\\/seguro-responsabilidad-civil\\\/\"},{\"@type\":\"ListItem\",\"position\":2,\"name\":\"Aon patrocina el mayor Congreso de la Abogac\u00eda Espa\u00f1ola\"}]},{\"@type\":\"WebSite\",\"@id\":\"https:\\\/\\\/www.aon.es\\\/profesionales\\\/abogados\\\/#website\",\"url\":\"https:\\\/\\\/www.aon.es\\\/profesionales\\\/abogados\\\/\",\"name\":\"Seguros para Abogados Aon\",\"description\":\"Otro sitio m\u00e1s de Profesionales sitios\",\"potentialAction\":[{\"@type\":\"SearchAction\",\"target\":{\"@type\":\"EntryPoint\",\"urlTemplate\":\"https:\\\/\\\/www.aon.es\\\/profesionales\\\/abogados\\\/?s={search_term_string}\"},\"query-input\":{\"@type\":\"PropertyValueSpecification\",\"valueRequired\":true,\"valueName\":\"search_term_string\"}}],\"inLanguage\":\"es\"},{\"@type\":\"Person\",\"@id\":\"\"}]}<\/script>\n<!-- \/ Yoast SEO plugin. -->","yoast_head_json":{"title":"Aon patrocina el mayor Congreso de la Abogac\u00eda Espa\u00f1ola","description":"Aon patrocina el XIII Congreso de la Abogac\u00eda Espa\u00f1ola que se celebra los d\u00edas 3, 4 y 5 de mayo en el Centro de Convenciones de PortAventura.","robots":{"index":"index","follow":"follow","max-snippet":"max-snippet:-1","max-image-preview":"max-image-preview:large","max-video-preview":"max-video-preview:-1"},"canonical":"https:\/\/www.aon.es\/profesionales\/abogados\/aon-patrocina-congreso-abogacia-espanola\/","og_locale":"es_ES","og_type":"article","og_title":"Aon patrocina el mayor Congreso de la Abogac\u00eda Espa\u00f1ola","og_description":"Aon patrocina el XIII Congreso de la Abogac\u00eda Espa\u00f1ola que se celebra los d\u00edas 3, 4 y 5 de mayo en el Centro de Convenciones de PortAventura.","og_url":"https:\/\/www.aon.es\/profesionales\/abogados\/aon-patrocina-congreso-abogacia-espanola\/","og_site_name":"Seguros para Abogados Aon","article_published_time":"2023-04-19T13:51:28+00:00","article_modified_time":"2023-11-08T10:21:25+00:00","og_image":[{"width":1000,"height":500,"url":"https:\/\/www.aon.es\/profesionales\/abogados\/wp-content\/uploads\/sites\/3\/2023\/04\/congreso_abogacia.png","type":"image\/png"}],"twitter_card":"summary_large_image","twitter_misc":{"Escrito por":"","Tiempo de lectura":"3 minutos"},"schema":{"@context":"https:\/\/schema.org","@graph":[{"@type":"Article","@id":"https:\/\/www.aon.es\/profesionales\/abogados\/aon-patrocina-congreso-abogacia-espanola\/#article","isPartOf":{"@id":"https:\/\/www.aon.es\/profesionales\/abogados\/aon-patrocina-congreso-abogacia-espanola\/"},"author":{"name":"","@id":""},"headline":"Aon patrocina el mayor Congreso de la Abogac\u00eda Espa\u00f1ola","datePublished":"2023-04-19T13:51:28+00:00","dateModified":"2023-11-08T10:21:25+00:00","mainEntityOfPage":{"@id":"https:\/\/www.aon.es\/profesionales\/abogados\/aon-patrocina-congreso-abogacia-espanola\/"},"wordCount":620,"image":{"@id":"https:\/\/www.aon.es\/profesionales\/abogados\/aon-patrocina-congreso-abogacia-espanola\/#primaryimage"},"thumbnailUrl":"https:\/\/www.aon.es\/profesionales\/abogados\/wp-content\/uploads\/sites\/3\/2023\/04\/congreso_abogacia.png","keywords":["\u00bfC\u00f3mo contratar Seguros Ciber para abogados","\u00bfC\u00f3mo participar congreso de la abogac\u00eda?","\u00bfCu\u00e1ndo es el Congreso de la abogac\u00eda?","Agenda Congreso de la Abogac\u00eda","Aon patrocina congreso abogac\u00eda Espa\u00f1ola","Aon Seguros Abogados","Patrocinio abogacia","Seguros Ciber para abogados"],"articleSection":["Ciberseguridad","Responsabilidad Civil"],"inLanguage":"es"},{"@type":"WebPage","@id":"https:\/\/www.aon.es\/profesionales\/abogados\/aon-patrocina-congreso-abogacia-espanola\/","url":"https:\/\/www.aon.es\/profesionales\/abogados\/aon-patrocina-congreso-abogacia-espanola\/","name":"Aon patrocina el mayor Congreso de la Abogac\u00eda Espa\u00f1ola","isPartOf":{"@id":"https:\/\/www.aon.es\/profesionales\/abogados\/#website"},"primaryImageOfPage":{"@id":"https:\/\/www.aon.es\/profesionales\/abogados\/aon-patrocina-congreso-abogacia-espanola\/#primaryimage"},"image":{"@id":"https:\/\/www.aon.es\/profesionales\/abogados\/aon-patrocina-congreso-abogacia-espanola\/#primaryimage"},"thumbnailUrl":"https:\/\/www.aon.es\/profesionales\/abogados\/wp-content\/uploads\/sites\/3\/2023\/04\/congreso_abogacia.png","datePublished":"2023-04-19T13:51:28+00:00","dateModified":"2023-11-08T10:21:25+00:00","author":{"@id":""},"description":"Aon patrocina el XIII Congreso de la Abogac\u00eda Espa\u00f1ola que se celebra los d\u00edas 3, 4 y 5 de mayo en el Centro de Convenciones de PortAventura.","breadcrumb":{"@id":"https:\/\/www.aon.es\/profesionales\/abogados\/aon-patrocina-congreso-abogacia-espanola\/#breadcrumb"},"inLanguage":"es","potentialAction":[{"@type":"ReadAction","target":["https:\/\/www.aon.es\/profesionales\/abogados\/aon-patrocina-congreso-abogacia-espanola\/"]}]},{"@type":"ImageObject","inLanguage":"es","@id":"https:\/\/www.aon.es\/profesionales\/abogados\/aon-patrocina-congreso-abogacia-espanola\/#primaryimage","url":"https:\/\/www.aon.es\/profesionales\/abogados\/wp-content\/uploads\/sites\/3\/2023\/04\/congreso_abogacia.png","contentUrl":"https:\/\/www.aon.es\/profesionales\/abogados\/wp-content\/uploads\/sites\/3\/2023\/04\/congreso_abogacia.png","width":1000,"height":500},{"@type":"BreadcrumbList","@id":"https:\/\/www.aon.es\/profesionales\/abogados\/aon-patrocina-congreso-abogacia-espanola\/#breadcrumb","itemListElement":[{"@type":"ListItem","position":1,"name":"Portada","item":"https:\/\/www.aon.es\/profesionales\/abogados\/seguro-responsabilidad-civil\/"},{"@type":"ListItem","position":2,"name":"Aon patrocina el mayor Congreso de la Abogac\u00eda Espa\u00f1ola"}]},{"@type":"WebSite","@id":"https:\/\/www.aon.es\/profesionales\/abogados\/#website","url":"https:\/\/www.aon.es\/profesionales\/abogados\/","name":"Seguros para Abogados Aon","description":"Otro sitio m\u00e1s de Profesionales sitios","potentialAction":[{"@type":"SearchAction","target":{"@type":"EntryPoint","urlTemplate":"https:\/\/www.aon.es\/profesionales\/abogados\/?s={search_term_string}"},"query-input":{"@type":"PropertyValueSpecification","valueRequired":true,"valueName":"search_term_string"}}],"inLanguage":"es"},{"@type":"Person","@id":""}]}},"_links":{"self":[{"href":"https:\/\/www.aon.es\/profesionales\/abogados\/wp-json\/wp\/v2\/posts\/3133","targetHints":{"allow":["GET"]}}],"collection":[{"href":"https:\/\/www.aon.es\/profesionales\/abogados\/wp-json\/wp\/v2\/posts"}],"about":[{"href":"https:\/\/www.aon.es\/profesionales\/abogados\/wp-json\/wp\/v2\/types\/post"}],"author":[{"embeddable":true,"href":"https:\/\/www.aon.es\/profesionales\/abogados\/wp-json\/wp\/v2\/users\/5"}],"replies":[{"embeddable":true,"href":"https:\/\/www.aon.es\/profesionales\/abogados\/wp-json\/wp\/v2\/comments?post=3133"}],"version-history":[{"count":3,"href":"https:\/\/www.aon.es\/profesionales\/abogados\/wp-json\/wp\/v2\/posts\/3133\/revisions"}],"predecessor-version":[{"id":3288,"href":"https:\/\/www.aon.es\/profesionales\/abogados\/wp-json\/wp\/v2\/posts\/3133\/revisions\/3288"}],"wp:featuredmedia":[{"embeddable":true,"href":"https:\/\/www.aon.es\/profesionales\/abogados\/wp-json\/wp\/v2\/media\/3134"}],"wp:attachment":[{"href":"https:\/\/www.aon.es\/profesionales\/abogados\/wp-json\/wp\/v2\/media?parent=3133"}],"wp:term":[{"taxonomy":"category","embeddable":true,"href":"https:\/\/www.aon.es\/profesionales\/abogados\/wp-json\/wp\/v2\/categories?post=3133"},{"taxonomy":"post_tag","embeddable":true,"href":"https:\/\/www.aon.es\/profesionales\/abogados\/wp-json\/wp\/v2\/tags?post=3133"}],"curies":[{"name":"wp","href":"https:\/\/api.w.org\/{rel}","templated":true}]}}