{"id":2669,"date":"2023-04-13T11:00:10","date_gmt":"2023-04-13T11:00:10","guid":{"rendered":"https:\/\/www.aon.es\/profesionales\/arquitectos\/?p=2669"},"modified":"2023-11-08T10:17:47","modified_gmt":"2023-11-08T10:17:47","slug":"arquitecto-impartir-formacion","status":"publish","type":"post","link":"https:\/\/www.aon.es\/profesionales\/arquitectos\/blog\/arquitecto-impartir-formacion\/","title":{"rendered":"\u00bfPuede un arquitecto impartir formaci\u00f3n?"},"content":{"rendered":"\n<p>Ser Arquitecto tiene una salida profesional cada vez m\u00e1s clara, para quien no puede (o no quiere) ejercer su profesi\u00f3n: la docencia. <strong>\u00bfPuede un arquitecto impartir formaci\u00f3n?<\/strong> S\u00ed. \u00bfCualquier arquitecto, s\u00f3lo con el t\u00edtulo de Arquitecto, puede ejercer en cualquier sitio? No.<\/p>\n\n\n\n<p>Para empezar, lo primero es saber que la docencia no se ve encorsetada a las clases de Arquitectura o Arquitectura t\u00e9cnica, sino a toda la actividad como profesor que el Arquitecto puede adquirir.<\/p>\n\n\n\n<h2 class=\"wp-block-heading\">\u00bfPor qu\u00e9 se presupone que un Arquitecto tiene habilidad para impartir formaci\u00f3n?<\/h2>\n\n\n\n<ul class=\"wp-block-list\">\n<li><strong>Oratoria.<\/strong> Se supone que un Arquitecto suele hablar en p\u00fablico con cierta frecuencia, para exposiciones, presentaciones de proyecto o incluso a un nivel formativo no titulado.<\/li>\n\n\n\n<li><strong>Organizaci\u00f3n<\/strong>. Tambi\u00e9n se reconoce al arquitecto como alguien organizado, que est\u00e1 actualizado en cuanto a la normativa y que sabe buscar y rebuscar entre las distintas fuentes de informaci\u00f3n para luego poder hacer un filtro de lo que interesa y lo que no.<\/li>\n\n\n\n<li><strong>Formaci\u00f3n<\/strong>. La Arquitectura es una carrera de nombre. Por ello, quien la termina y consigue el t\u00edtulo se presupone una persona con dotes de estudio y cierta cultura.<\/li>\n<\/ul>\n\n\n\n<h2 class=\"wp-block-heading\">\u00bfY qu\u00e9 tipo de profesor puede ser un arquitecto?<\/h2>\n\n\n\n<p><strong>Clases particulares<\/strong><\/p>\n\n\n\n<p>Es lo m\u00e1s \u201csencillo\u201d, y tal vez sea el primer paso natural para todos los arquitectos que pretenden acabar siendo profesores. &nbsp;Este tipo de actividad permite al profesional ponerse a prueba como profesor y, adem\u00e1s, practicar frente a alumnos reales.<\/p>\n\n\n\n<p>Las ventajas es que no se necesita ni un local propio ni est\u00e1 fijado a horarios que otro imponga (as\u00ed como el sueldo que se quiera cobrar, que tambi\u00e9n depender\u00e1 de la capacidad de conseguir nuevos clientes-alumnos).<\/p>\n\n\n\n<p><strong>Ser profesor en una academia<\/strong><\/p>\n\n\n\n<p>Es el \u201cnivel previo\u201d a ser profesor oficializado por un t\u00edtulo. Dar clases e una academia no exige m\u00e1s titulaci\u00f3n que la que la propia Academia nos exija y adem\u00e1s se suele tener m\u00e1s flexibilidad a la hora de planear nuestro contenido de las clases.<\/p>\n\n\n\n<p>El sueldo y el horario sigue siendo flexible, pero tambi\u00e9n suele ser necesario darse de alta como Aut\u00f3nomo.<\/p>\n\n\n\n<p>Tambi\u00e9n permiten abrir un poco el abanico de las materias que podemos tratar, que pueden ir desde geometr\u00eda hasta a Dibujo t\u00e9cnico o matem\u00e1ticas.<\/p>\n\n\n\n<p><strong>Formaci\u00f3n Profesional<\/strong><\/p>\n\n\n\n<p>Para ser profesor de FP s\u00ed que se necesita contar con el M\u00e1ster en Formaci\u00f3n del Profesorado (en este caso de Formaci\u00f3n Profesional). Equivalente a lo que era el CAP, ya que la Arquitectura no tiene impl\u00edcita ense\u00f1anza pedag\u00f3gica y did\u00e1ctica.<\/p>\n\n\n\n<p><strong>\u00bfDar clase en colegio o instituto? \u00a1Claro!<\/strong><\/p>\n\n\n\n<p>Adem\u00e1s del M\u00e1ster nombrado anteriormente, \u00a1hay que estudiar una oposici\u00f3n! La alternativa a esto es hacer sustituciones, pero no suelen tener mucho recorrido. Tambi\u00e9n se puede optar por acceder a Colegios Privados, pero estaremos siempre sujetos a sus condiciones (a veces, incluso, cabe la posibilidad de que no pidan el M\u00e1ster del profesorado).<\/p>\n\n\n\n<p><strong>Dar clases de Arquitectura\u2026 en la Universidad<\/strong><\/p>\n\n\n\n<p>La crema y nata del Arquitecto profesor. Adem\u00e1s de un expediente impoluto, se necesitar\u00e1 el Doctorado y la acreditaci\u00f3n ANECA.<\/p>\n\n\n\n<p>Lo normal es primero estudiar un doctorado para acceder a las convocatorias del Personal Docente e Investigador de la Universidad en la que tengamos inter\u00e9s de dar clase.<\/p>\n\n\n\n<p>Esto es recomendado para aquellos que tengan una clara vocaci\u00f3n de profesores porque puede llevarnos muchos a\u00f1os conseguirlo.<\/p>\n\n\n\n<blockquote class=\"wp-block-quote is-layout-flow wp-block-quote-is-layout-flow\">\n<p>\u00bfEs obligatorio un<a href=\"https:\/\/www.aon.es\/profesionales\/arquitectos\/blog\/seguro-arquitectos-obligatorio\/\"> <strong>Seguro para Arquitectos?<\/strong><\/a><\/p>\n<\/blockquote>\n\n\n\n<h2 class=\"wp-block-heading\">\u00bfY qu\u00e9 pasa con Hacienda?<\/h2>\n\n\n\n<p>Si quieres impartir formaci\u00f3n deber\u00edas (a menos que trabajes por cuenta ajena) dec\u00edrselo a Hacienda cuanto antes. Esto quiere decir que dentro de las Tarifas, no ser\u00eda v\u00e1lido estar dado de alta s\u00f3lo en \u201cServicios T\u00e9cnicos de Ingenier\u00eda\u201d.<\/p>\n\n\n\n<p>Por ello, seg\u00fan la <strong>Ley Reguladora de las Agencias Locales<\/strong>, deber\u00e1s indicar cada una de tus actividades profesionales cuando vayas a hacer la declaraci\u00f3n. Si sigues ejerciendo como Arquitecto pero quieres lanzarte a esta aventura, deber\u00e1s a\u00f1adir tambi\u00e9n el ep\u00edgrafe referido a \u201cEducaci\u00f3n e investigaci\u00f3n\u201d y tambi\u00e9n indicar el tipo de formaci\u00f3n que vas a impartir . Por ejemplo, dentro del documento de Tarifas:<\/p>\n\n\n\n<ul class=\"wp-block-list\">\n<li>Si un Arquitecto en activo va a ejercer formaciones a una o varias empresas, tendr\u00e1 que darse de alta en el ep\u00edgrafe 932, \u201cEducaci\u00f3n e investigaci\u00f3n\u201d de la secci\u00f3n primera. Es importante tener en cuenta los diferentes sub-ep\u00edgrafes para darse de alta correctamente en funci\u00f3n de la formaci\u00f3n que el trabajador aut\u00f3nomo vaya a prestar.<\/li>\n\n\n\n<li>Si se van a dar clases particulares y fuera de los Planes de Estudios marcados por el Ministerio de Educaci\u00f3n, deber\u00e1 especificarse en el ep\u00edgrafe 933.9 \u201cOtras actividades de ense\u00f1anza, tales como idiomas, corte y confecci\u00f3n, mecanograf\u00eda, taquigraf\u00eda, preparaci\u00f3n de ex\u00e1menes y oposiciones y similares\u00bb.<\/li>\n\n\n\n<li>Si se van a dar clases en una academia o incluso a domicilio, ser\u00e1 en el 932&nbsp; \u201cEnse\u00f1anza no reglada de formaci\u00f3n y perfeccionamiento profesional y educaci\u00f3n superior\u201d.<\/li>\n\n\n\n<li>Si estamos hablando de oposiciones o planes de Estudios fijados por el Estado en Espa\u00f1a, entonces el ep\u00edgrafe ser\u00e1 el 934, \u201cEnse\u00f1anza fuera de establecimiento permanente\u201d.<\/li>\n<\/ul>\n\n\n\n<p>Adem\u00e1s, es importante que tengas en cuenta que este servicio se cobrar\u00e1 con Iva y que, en algunos casos, lo podr\u00e1s deducir.<\/p>\n\n\n\n<h2 class=\"wp-block-heading\">Mi seguro de Responsabilidad Civil, \u00bfme cubre esta actividad profesional?<\/h2>\n\n\n\n<p>El <strong>Seguro de RC para Arquitectos<\/strong> te cubrir\u00e1 \u00fanicamente la actividad profesional para la que fue contratada que, adem\u00e1s, est\u00e1 especificada en la p\u00f3liza.<\/p>\n\n\n\n<p>As\u00ed, cualquier Seguro de Responsabilidad Civil para Arquitectos cubrir\u00e1 eso: la actividad profesional de la arquitectura, no estando incluida la formaci\u00f3n en ella.<\/p>\n\n\n\n<blockquote class=\"wp-block-quote is-layout-flow wp-block-quote-is-layout-flow\">\n<p><a href=\"https:\/\/www.aon.es\/profesionales\/arquitectos\/blog\/responsabilidad-penal-arquitecto\/\">\u00bfQu\u00e9 cubre mi Seguro de RC Penal de Arquitectos?<\/a><\/p>\n<\/blockquote>\n\n\n\n<p>Te recomendamos, si tienes dudas, contactar con nosotros.<\/p>\n\n\n\n<p>Y, si todav\u00eda no tienes tu seguro o quieres cubrirte ante cualquier tipo de riesgo, contacta con nosotros y te proponemos una soluci\u00f3n.<\/p>\n\n\n\n<div class=\"wp-block-buttons is-content-justification-center is-layout-flex wp-container-core-buttons-is-layout-16018d1d wp-block-buttons-is-layout-flex\">\n<div class=\"wp-block-button\"><a class=\"wp-block-button__link has-white-color has-text-color has-background has-link-color wp-element-button\" href=\"https:\/\/www.aon.es\/profesionales\/arquitectos\/seguro-obra\/#contacto2\" style=\"border-radius:4px;background-color:#eb0017\">Solicitar informaci\u00f3n<\/a><\/div>\n<\/div>\n","protected":false},"excerpt":{"rendered":"<p>Ser Arquitecto tiene una salida profesional cada vez m\u00e1s clara, para quien no puede (o no quiere) ejercer su profesi\u00f3n: la docencia. \u00bfPuede un arquitecto impartir formaci\u00f3n? S\u00ed. \u00bfCualquier arquitecto, s\u00f3lo con el t\u00edtulo de Arquitecto, puede ejercer en cualquier sitio? No. Para empezar, lo primero es saber que la docencia no se ve encorsetada [&hellip;]<\/p>\n","protected":false},"author":5,"featured_media":2670,"comment_status":"closed","ping_status":"open","sticky":false,"template":"","format":"standard","meta":{"footnotes":""},"categories":[2],"tags":[70,69,6,7,8,9,31,62,37,39,40,41,42,43,61,64,65],"class_list":["post-2669","post","type-post","status-publish","format-standard","has-post-thumbnail","hentry","category-arquitectos","tag-el-seguro-sigue-siendo-deducible-una-vez-el-arquitecto-se-ha-jubilado","tag-se-puede-desgravar-el-seguro-responsabilidad-civil-para-arquitectos","tag-aon","tag-arquitecto","tag-arquitectos","tag-arquitectura","tag-rc","tag-rc-para-arquitectos","tag-responsabilidad-civil","tag-seguro","tag-seguro-arquitecto","tag-seguro-arquitectos","tag-seguro-de-arquitectos","tag-seguro-de-arquitectos-obligatorio","tag-seguro-de-rc","tag-seguro-responsabilidad-civil","tag-seguro-responsabilidad-civil-arquitectos"],"yoast_head":"<!-- This site is optimized with the Yoast SEO plugin v27.5 - https:\/\/yoast.com\/product\/yoast-seo-wordpress\/ -->\n<title>\u00bfPuede un arquitecto impartir formaci\u00f3n?<\/title>\n<meta name=\"description\" content=\"\u00bfPuede un arquitecto impartir formaci\u00f3n? \u00bfCu\u00e1les son las consecuencias con Hacienda? \u00bfMe cubrir\u00e1 mi Seguro esta actividad?\" \/>\n<meta name=\"robots\" content=\"index, follow, max-snippet:-1, max-image-preview:large, max-video-preview:-1\" \/>\n<link rel=\"canonical\" href=\"https:\/\/www.aon.es\/profesionales\/arquitectos\/blog\/arquitecto-impartir-formacion\/\" \/>\n<meta property=\"og:locale\" content=\"es_ES\" \/>\n<meta property=\"og:type\" content=\"article\" \/>\n<meta property=\"og:title\" content=\"\u00bfPuede un arquitecto impartir formaci\u00f3n?\" \/>\n<meta property=\"og:description\" content=\"\u00bfPuede un arquitecto impartir formaci\u00f3n? \u00bfCu\u00e1les son las consecuencias con Hacienda? \u00bfMe cubrir\u00e1 mi Seguro esta actividad?\" \/>\n<meta property=\"og:url\" content=\"https:\/\/www.aon.es\/profesionales\/arquitectos\/blog\/arquitecto-impartir-formacion\/\" \/>\n<meta property=\"og:site_name\" content=\"Seguro de arquitectos Aon\" \/>\n<meta property=\"article:published_time\" content=\"2023-04-13T11:00:10+00:00\" \/>\n<meta property=\"article:modified_time\" content=\"2023-11-08T10:17:47+00:00\" \/>\n<meta property=\"og:image\" content=\"https:\/\/www.aon.es\/profesionales\/arquitectos\/wp-content\/uploads\/sites\/7\/2023\/04\/arquitecto_puede_ser_profesor.png\" \/>\n\t<meta property=\"og:image:width\" content=\"1380\" \/>\n\t<meta property=\"og:image:height\" content=\"657\" \/>\n\t<meta property=\"og:image:type\" content=\"image\/png\" \/>\n<meta name=\"twitter:card\" content=\"summary_large_image\" \/>\n<script type=\"application\/ld+json\" class=\"yoast-schema-graph\">{\"@context\":\"https:\\\/\\\/schema.org\",\"@graph\":[{\"@type\":\"Article\",\"@id\":\"https:\\\/\\\/www.aon.es\\\/profesionales\\\/arquitectos\\\/blog\\\/arquitecto-impartir-formacion\\\/#article\",\"isPartOf\":{\"@id\":\"https:\\\/\\\/www.aon.es\\\/profesionales\\\/arquitectos\\\/blog\\\/arquitecto-impartir-formacion\\\/\"},\"author\":{\"name\":\"\",\"@id\":\"\"},\"headline\":\"\u00bfPuede un arquitecto impartir formaci\u00f3n?\",\"datePublished\":\"2023-04-13T11:00:10+00:00\",\"dateModified\":\"2023-11-08T10:17:47+00:00\",\"mainEntityOfPage\":{\"@id\":\"https:\\\/\\\/www.aon.es\\\/profesionales\\\/arquitectos\\\/blog\\\/arquitecto-impartir-formacion\\\/\"},\"wordCount\":1022,\"image\":{\"@id\":\"https:\\\/\\\/www.aon.es\\\/profesionales\\\/arquitectos\\\/blog\\\/arquitecto-impartir-formacion\\\/#primaryimage\"},\"thumbnailUrl\":\"https:\\\/\\\/www.aon.es\\\/profesionales\\\/arquitectos\\\/wp-content\\\/uploads\\\/sites\\\/7\\\/2023\\\/04\\\/arquitecto_puede_ser_profesor.png\",\"keywords\":[\"\u00bfEl seguro sigue siendo deducible una vez el arquitecto se ha jubilado?\",\"\u00bfSe puede desgravar el seguro responsabilidad civil para arquitectos?\",\"aon\",\"arquitecto\",\"arquitectos\",\"arquitectura\",\"rc\",\"RC para arquitectos\",\"responsabilidad civil\",\"seguro\",\"seguro arquitecto\",\"seguro arquitectos\",\"seguro de arquitectos\",\"seguro de arquitectos obligatorio\",\"Seguro de RC\",\"seguro responsabilidad civil\",\"seguro responsabilidad civil arquitectos\"],\"articleSection\":[\"arquitectos\"],\"inLanguage\":\"es\"},{\"@type\":\"WebPage\",\"@id\":\"https:\\\/\\\/www.aon.es\\\/profesionales\\\/arquitectos\\\/blog\\\/arquitecto-impartir-formacion\\\/\",\"url\":\"https:\\\/\\\/www.aon.es\\\/profesionales\\\/arquitectos\\\/blog\\\/arquitecto-impartir-formacion\\\/\",\"name\":\"\u00bfPuede un arquitecto impartir formaci\u00f3n?\",\"isPartOf\":{\"@id\":\"https:\\\/\\\/www.aon.es\\\/profesionales\\\/arquitectos\\\/#website\"},\"primaryImageOfPage\":{\"@id\":\"https:\\\/\\\/www.aon.es\\\/profesionales\\\/arquitectos\\\/blog\\\/arquitecto-impartir-formacion\\\/#primaryimage\"},\"image\":{\"@id\":\"https:\\\/\\\/www.aon.es\\\/profesionales\\\/arquitectos\\\/blog\\\/arquitecto-impartir-formacion\\\/#primaryimage\"},\"thumbnailUrl\":\"https:\\\/\\\/www.aon.es\\\/profesionales\\\/arquitectos\\\/wp-content\\\/uploads\\\/sites\\\/7\\\/2023\\\/04\\\/arquitecto_puede_ser_profesor.png\",\"datePublished\":\"2023-04-13T11:00:10+00:00\",\"dateModified\":\"2023-11-08T10:17:47+00:00\",\"author\":{\"@id\":\"\"},\"description\":\"\u00bfPuede un arquitecto impartir formaci\u00f3n? \u00bfCu\u00e1les son las consecuencias con Hacienda? \u00bfMe cubrir\u00e1 mi Seguro esta actividad?\",\"breadcrumb\":{\"@id\":\"https:\\\/\\\/www.aon.es\\\/profesionales\\\/arquitectos\\\/blog\\\/arquitecto-impartir-formacion\\\/#breadcrumb\"},\"inLanguage\":\"es\",\"potentialAction\":[{\"@type\":\"ReadAction\",\"target\":[\"https:\\\/\\\/www.aon.es\\\/profesionales\\\/arquitectos\\\/blog\\\/arquitecto-impartir-formacion\\\/\"]}]},{\"@type\":\"ImageObject\",\"inLanguage\":\"es\",\"@id\":\"https:\\\/\\\/www.aon.es\\\/profesionales\\\/arquitectos\\\/blog\\\/arquitecto-impartir-formacion\\\/#primaryimage\",\"url\":\"https:\\\/\\\/www.aon.es\\\/profesionales\\\/arquitectos\\\/wp-content\\\/uploads\\\/sites\\\/7\\\/2023\\\/04\\\/arquitecto_puede_ser_profesor.png\",\"contentUrl\":\"https:\\\/\\\/www.aon.es\\\/profesionales\\\/arquitectos\\\/wp-content\\\/uploads\\\/sites\\\/7\\\/2023\\\/04\\\/arquitecto_puede_ser_profesor.png\",\"width\":1380,\"height\":657},{\"@type\":\"BreadcrumbList\",\"@id\":\"https:\\\/\\\/www.aon.es\\\/profesionales\\\/arquitectos\\\/blog\\\/arquitecto-impartir-formacion\\\/#breadcrumb\",\"itemListElement\":[{\"@type\":\"ListItem\",\"position\":1,\"name\":\"Home\",\"item\":\"https:\\\/\\\/www.aon.es\\\/profesionales\\\/arquitectos\\\/seguro-arquitectos-aon\\\/\"},{\"@type\":\"ListItem\",\"position\":2,\"name\":\"\u00bfPuede un arquitecto impartir formaci\u00f3n?\"}]},{\"@type\":\"WebSite\",\"@id\":\"https:\\\/\\\/www.aon.es\\\/profesionales\\\/arquitectos\\\/#website\",\"url\":\"https:\\\/\\\/www.aon.es\\\/profesionales\\\/arquitectos\\\/\",\"name\":\"Seguro de arquitectos Aon\",\"description\":\"El seguro para arquitectos con las mejores condiciones\",\"potentialAction\":[{\"@type\":\"SearchAction\",\"target\":{\"@type\":\"EntryPoint\",\"urlTemplate\":\"https:\\\/\\\/www.aon.es\\\/profesionales\\\/arquitectos\\\/?s={search_term_string}\"},\"query-input\":{\"@type\":\"PropertyValueSpecification\",\"valueRequired\":true,\"valueName\":\"search_term_string\"}}],\"inLanguage\":\"es\"},{\"@type\":\"Person\",\"@id\":\"\"}]}<\/script>\n<!-- \/ Yoast SEO plugin. -->","yoast_head_json":{"title":"\u00bfPuede un arquitecto impartir formaci\u00f3n?","description":"\u00bfPuede un arquitecto impartir formaci\u00f3n? \u00bfCu\u00e1les son las consecuencias con Hacienda? \u00bfMe cubrir\u00e1 mi Seguro esta actividad?","robots":{"index":"index","follow":"follow","max-snippet":"max-snippet:-1","max-image-preview":"max-image-preview:large","max-video-preview":"max-video-preview:-1"},"canonical":"https:\/\/www.aon.es\/profesionales\/arquitectos\/blog\/arquitecto-impartir-formacion\/","og_locale":"es_ES","og_type":"article","og_title":"\u00bfPuede un arquitecto impartir formaci\u00f3n?","og_description":"\u00bfPuede un arquitecto impartir formaci\u00f3n? \u00bfCu\u00e1les son las consecuencias con Hacienda? \u00bfMe cubrir\u00e1 mi Seguro esta actividad?","og_url":"https:\/\/www.aon.es\/profesionales\/arquitectos\/blog\/arquitecto-impartir-formacion\/","og_site_name":"Seguro de arquitectos Aon","article_published_time":"2023-04-13T11:00:10+00:00","article_modified_time":"2023-11-08T10:17:47+00:00","og_image":[{"width":1380,"height":657,"url":"https:\/\/www.aon.es\/profesionales\/arquitectos\/wp-content\/uploads\/sites\/7\/2023\/04\/arquitecto_puede_ser_profesor.png","type":"image\/png"}],"twitter_card":"summary_large_image","schema":{"@context":"https:\/\/schema.org","@graph":[{"@type":"Article","@id":"https:\/\/www.aon.es\/profesionales\/arquitectos\/blog\/arquitecto-impartir-formacion\/#article","isPartOf":{"@id":"https:\/\/www.aon.es\/profesionales\/arquitectos\/blog\/arquitecto-impartir-formacion\/"},"author":{"name":"","@id":""},"headline":"\u00bfPuede un arquitecto impartir formaci\u00f3n?","datePublished":"2023-04-13T11:00:10+00:00","dateModified":"2023-11-08T10:17:47+00:00","mainEntityOfPage":{"@id":"https:\/\/www.aon.es\/profesionales\/arquitectos\/blog\/arquitecto-impartir-formacion\/"},"wordCount":1022,"image":{"@id":"https:\/\/www.aon.es\/profesionales\/arquitectos\/blog\/arquitecto-impartir-formacion\/#primaryimage"},"thumbnailUrl":"https:\/\/www.aon.es\/profesionales\/arquitectos\/wp-content\/uploads\/sites\/7\/2023\/04\/arquitecto_puede_ser_profesor.png","keywords":["\u00bfEl seguro sigue siendo deducible una vez el arquitecto se ha jubilado?","\u00bfSe puede desgravar el seguro responsabilidad civil para arquitectos?","aon","arquitecto","arquitectos","arquitectura","rc","RC para arquitectos","responsabilidad civil","seguro","seguro arquitecto","seguro arquitectos","seguro de arquitectos","seguro de arquitectos obligatorio","Seguro de RC","seguro responsabilidad civil","seguro responsabilidad civil arquitectos"],"articleSection":["arquitectos"],"inLanguage":"es"},{"@type":"WebPage","@id":"https:\/\/www.aon.es\/profesionales\/arquitectos\/blog\/arquitecto-impartir-formacion\/","url":"https:\/\/www.aon.es\/profesionales\/arquitectos\/blog\/arquitecto-impartir-formacion\/","name":"\u00bfPuede un arquitecto impartir formaci\u00f3n?","isPartOf":{"@id":"https:\/\/www.aon.es\/profesionales\/arquitectos\/#website"},"primaryImageOfPage":{"@id":"https:\/\/www.aon.es\/profesionales\/arquitectos\/blog\/arquitecto-impartir-formacion\/#primaryimage"},"image":{"@id":"https:\/\/www.aon.es\/profesionales\/arquitectos\/blog\/arquitecto-impartir-formacion\/#primaryimage"},"thumbnailUrl":"https:\/\/www.aon.es\/profesionales\/arquitectos\/wp-content\/uploads\/sites\/7\/2023\/04\/arquitecto_puede_ser_profesor.png","datePublished":"2023-04-13T11:00:10+00:00","dateModified":"2023-11-08T10:17:47+00:00","author":{"@id":""},"description":"\u00bfPuede un arquitecto impartir formaci\u00f3n? \u00bfCu\u00e1les son las consecuencias con Hacienda? \u00bfMe cubrir\u00e1 mi Seguro esta actividad?","breadcrumb":{"@id":"https:\/\/www.aon.es\/profesionales\/arquitectos\/blog\/arquitecto-impartir-formacion\/#breadcrumb"},"inLanguage":"es","potentialAction":[{"@type":"ReadAction","target":["https:\/\/www.aon.es\/profesionales\/arquitectos\/blog\/arquitecto-impartir-formacion\/"]}]},{"@type":"ImageObject","inLanguage":"es","@id":"https:\/\/www.aon.es\/profesionales\/arquitectos\/blog\/arquitecto-impartir-formacion\/#primaryimage","url":"https:\/\/www.aon.es\/profesionales\/arquitectos\/wp-content\/uploads\/sites\/7\/2023\/04\/arquitecto_puede_ser_profesor.png","contentUrl":"https:\/\/www.aon.es\/profesionales\/arquitectos\/wp-content\/uploads\/sites\/7\/2023\/04\/arquitecto_puede_ser_profesor.png","width":1380,"height":657},{"@type":"BreadcrumbList","@id":"https:\/\/www.aon.es\/profesionales\/arquitectos\/blog\/arquitecto-impartir-formacion\/#breadcrumb","itemListElement":[{"@type":"ListItem","position":1,"name":"Home","item":"https:\/\/www.aon.es\/profesionales\/arquitectos\/seguro-arquitectos-aon\/"},{"@type":"ListItem","position":2,"name":"\u00bfPuede un arquitecto impartir formaci\u00f3n?"}]},{"@type":"WebSite","@id":"https:\/\/www.aon.es\/profesionales\/arquitectos\/#website","url":"https:\/\/www.aon.es\/profesionales\/arquitectos\/","name":"Seguro de arquitectos Aon","description":"El seguro para arquitectos con las mejores condiciones","potentialAction":[{"@type":"SearchAction","target":{"@type":"EntryPoint","urlTemplate":"https:\/\/www.aon.es\/profesionales\/arquitectos\/?s={search_term_string}"},"query-input":{"@type":"PropertyValueSpecification","valueRequired":true,"valueName":"search_term_string"}}],"inLanguage":"es"},{"@type":"Person","@id":""}]}},"_links":{"self":[{"href":"https:\/\/www.aon.es\/profesionales\/arquitectos\/wp-json\/wp\/v2\/posts\/2669","targetHints":{"allow":["GET"]}}],"collection":[{"href":"https:\/\/www.aon.es\/profesionales\/arquitectos\/wp-json\/wp\/v2\/posts"}],"about":[{"href":"https:\/\/www.aon.es\/profesionales\/arquitectos\/wp-json\/wp\/v2\/types\/post"}],"author":[{"embeddable":true,"href":"https:\/\/www.aon.es\/profesionales\/arquitectos\/wp-json\/wp\/v2\/users\/5"}],"replies":[{"embeddable":true,"href":"https:\/\/www.aon.es\/profesionales\/arquitectos\/wp-json\/wp\/v2\/comments?post=2669"}],"version-history":[{"count":5,"href":"https:\/\/www.aon.es\/profesionales\/arquitectos\/wp-json\/wp\/v2\/posts\/2669\/revisions"}],"predecessor-version":[{"id":2780,"href":"https:\/\/www.aon.es\/profesionales\/arquitectos\/wp-json\/wp\/v2\/posts\/2669\/revisions\/2780"}],"wp:featuredmedia":[{"embeddable":true,"href":"https:\/\/www.aon.es\/profesionales\/arquitectos\/wp-json\/wp\/v2\/media\/2670"}],"wp:attachment":[{"href":"https:\/\/www.aon.es\/profesionales\/arquitectos\/wp-json\/wp\/v2\/media?parent=2669"}],"wp:term":[{"taxonomy":"category","embeddable":true,"href":"https:\/\/www.aon.es\/profesionales\/arquitectos\/wp-json\/wp\/v2\/categories?post=2669"},{"taxonomy":"post_tag","embeddable":true,"href":"https:\/\/www.aon.es\/profesionales\/arquitectos\/wp-json\/wp\/v2\/tags?post=2669"}],"curies":[{"name":"wp","href":"https:\/\/api.w.org\/{rel}","templated":true}]}}