{"id":1610,"date":"2018-10-10T11:23:18","date_gmt":"2018-10-10T11:23:18","guid":{"rendered":"http:\/\/www.aon.es\/site\/ipm-club\/?p=1610"},"modified":"2018-10-10T11:35:47","modified_gmt":"2018-10-10T11:35:47","slug":"global_benefits_workshop","status":"publish","type":"post","link":"https:\/\/www.aon.es\/site\/ipm-club\/2018\/10\/10\/global_benefits_workshop\/","title":{"rendered":"AON Y ZURICH JUNTOS EN EL GLOBAL BENEFITS WORKSHOP"},"content":{"rendered":"\n<style type=\"text\/css\" data-created_by=\"avia_inline_auto\" id=\"style-css-av-liqae-e60fc34197263dc6c0370711c0c3c381\">\n.flex_column.av-liqae-e60fc34197263dc6c0370711c0c3c381{\nborder-radius:0px 0px 0px 0px;\npadding:0px 0px 0px 0px;\n}\n<\/style>\n<div  class='flex_column av-liqae-e60fc34197263dc6c0370711c0c3c381 av_two_third  avia-builder-el-0  el_before_av_one_third  avia-builder-el-first  first flex_column_div av-zero-column-padding  '     ><p>\n<style type=\"text\/css\" data-created_by=\"avia_inline_auto\" id=\"style-css-av-jn2wwqhg-820b6f85e349d8f9d37477bf9ed41ba7\">\n#top .av-special-heading.av-jn2wwqhg-820b6f85e349d8f9d37477bf9ed41ba7{\npadding-bottom:10px;\n}\nbody .av-special-heading.av-jn2wwqhg-820b6f85e349d8f9d37477bf9ed41ba7 .av-special-heading-tag .heading-char{\nfont-size:25px;\n}\n.av-special-heading.av-jn2wwqhg-820b6f85e349d8f9d37477bf9ed41ba7 .av-subheading{\nfont-size:15px;\n}\n<\/style>\n<div  class='av-special-heading av-jn2wwqhg-820b6f85e349d8f9d37477bf9ed41ba7 av-special-heading-h1  avia-builder-el-1  el_before_av_hr  avia-builder-el-first '><h1 class='av-special-heading-tag '  itemprop=\"headline\"  >La gesti\u00f3n centralizada de los beneficios: una tendencia en alza dentro de las multinacionales<\/h1><div class=\"special-heading-border\"><div class=\"special-heading-inner-border\"><\/div><\/div><\/div><br \/>\n<div  class='hr av-3q8uq2-bbc4e9e44caf02e79ba04cb372dc24d3 hr-default  avia-builder-el-2  el_after_av_heading  el_before_av_image '><span class='hr-inner '><span class=\"hr-inner-style\"><\/span><\/span><\/div><br \/>\n\n<style type=\"text\/css\" data-created_by=\"avia_inline_auto\" id=\"style-css-av-jmizsylc-c7ae9e992606304312e29eb5805df1d6\">\n.avia-image-container.av-jmizsylc-c7ae9e992606304312e29eb5805df1d6 img.avia_image{\nbox-shadow:none;\n}\n.avia-image-container.av-jmizsylc-c7ae9e992606304312e29eb5805df1d6 .av-image-caption-overlay-center{\ncolor:#ffffff;\n}\n<\/style>\n<div  class='avia-image-container av-jmizsylc-c7ae9e992606304312e29eb5805df1d6 av-styling- avia-align-center  avia-builder-el-3  el_after_av_hr  el_before_av_image '   itemprop=\"image\" itemscope=\"itemscope\" itemtype=\"https:\/\/schema.org\/ImageObject\" ><div class=\"avia-image-container-inner\"><div class=\"avia-image-overlay-wrap\"><img decoding=\"async\" fetchpriority=\"high\" class='wp-image-1619 avia-img-lazy-loading-not-1619 avia_image ' src=\"https:\/\/www.aon.es\/site\/ipm-club\/wp-content\/uploads\/sites\/76\/2018\/10\/EVENTO.png\" alt='' title='EVENTO'  height=\"641\" width=\"1558\"  itemprop=\"thumbnailUrl\" srcset=\"https:\/\/www.aon.es\/site\/ipm-club\/wp-content\/uploads\/sites\/76\/2018\/10\/EVENTO.png 1558w, https:\/\/www.aon.es\/site\/ipm-club\/wp-content\/uploads\/sites\/76\/2018\/10\/EVENTO-300x123.png 300w, https:\/\/www.aon.es\/site\/ipm-club\/wp-content\/uploads\/sites\/76\/2018\/10\/EVENTO-768x316.png 768w, https:\/\/www.aon.es\/site\/ipm-club\/wp-content\/uploads\/sites\/76\/2018\/10\/EVENTO-1030x424.png 1030w, https:\/\/www.aon.es\/site\/ipm-club\/wp-content\/uploads\/sites\/76\/2018\/10\/EVENTO-1500x617.png 1500w, https:\/\/www.aon.es\/site\/ipm-club\/wp-content\/uploads\/sites\/76\/2018\/10\/EVENTO-705x290.png 705w, https:\/\/www.aon.es\/site\/ipm-club\/wp-content\/uploads\/sites\/76\/2018\/10\/EVENTO-450x185.png 450w\" sizes=\"(max-width: 1558px) 100vw, 1558px\" \/><\/div><\/div><\/div><br \/>\n<\/p><\/div>\n\n<style type=\"text\/css\" data-created_by=\"avia_inline_auto\" id=\"style-css-av-aqqp2-64cce2ab82fef4b42552ad07431f8eca\">\n.flex_column.av-aqqp2-64cce2ab82fef4b42552ad07431f8eca{\nborder-radius:0px 0px 0px 0px;\npadding:0px 0px 0px 0px;\n}\n<\/style>\n<div  class='flex_column av-aqqp2-64cce2ab82fef4b42552ad07431f8eca av_one_third  avia-builder-el-5  el_after_av_two_third  el_before_av_two_third  flex_column_div av-zero-column-padding  '     ><div  id=\"avia-magazine-1\"  class='av-magazine av-ji4h2h8n-9f2d0589c64dd3144d57438ec332c3a6 av-magazine-top-bar-active av-magazine-tabs-active  avia-builder-el-6  avia-builder-el-no-sibling   avia-builder-el-6  avia-builder-el-no-sibling ' ><div class='av-magazine-top-bar '><span class='av-magazine-top-heading '>ULTIMAS ENTRADAS<\/span><div class=\"av-magazine-sort\" data-magazine-id=\"1\" ><div class=\"av-sort-by-term\"><a href=\"#\" data-filter=\"sort_all\" class=\"all_sort_button active_sort\"><span class=\"inner_sort_button\"><span>Todo<\/span><\/span><\/a><span class='text-sep eventos_sort_sep'>\/<\/span><a href=\"#\" data-filter=\"sort_6\" class=\"eventos_sort_button \" ><span class=\"inner_sort_button\"><span>Eventos<\/span><\/span><\/a><span class='text-sep news_sort_sep'>\/<\/span><a href=\"#\" data-filter=\"sort_5\" class=\"news_sort_button \" ><span class=\"inner_sort_button\"><span>News<\/span><\/span><\/a><\/div><\/div><\/div><div class='av-magazine-group sort_all'><article class='av-magazine-entry av-magazine-entry-id-2373 av-magazine-format-standard av-magazine-type-post av-magazine-entry-1 av-magazine-entry-small '  itemscope=\"itemscope\" itemtype=\"https:\/\/schema.org\/BlogPosting\" itemprop=\"blogPost\" ><div class=\"av-magazine-thumbnail\"><a href='https:\/\/www.aon.es\/site\/ipm-club\/2021\/04\/20\/quieres-saber-mas-sobre-movilidad-internacional-elena-lacambra-comparte-con-international-people-mobility-club-ipm-club-su-experiencia-tras-mas-de-20-anos-como-expatriada-gracias-a-elena\/' title='Enlace a: \u00bfQuieres saber m\u00e1s sobre movilidad internacional? Elena Lacambra, comparte con  International People Mobility Club (IPM Club) su experiencia tras m\u00e1s de 20 a\u00f1os como expatriada.  Gracias a Elena C. de Garrigues y a Javier Flores P\u00e9rez por la entrevista.' class='av-magazine-thumbnail-link'><img decoding=\"async\" fetchpriority=\"high\" width=\"80\" height=\"80\" src=\"https:\/\/www.aon.es\/site\/ipm-club\/wp-content\/uploads\/sites\/76\/2021\/04\/photo-1554446422-d05db23719d2-80x80.jpg\" class=\"wp-image-2374 avia-img-lazy-loading-not-2374 attachment-thumbnail size-thumbnail wp-post-image\" alt=\"\" srcset=\"https:\/\/www.aon.es\/site\/ipm-club\/wp-content\/uploads\/sites\/76\/2021\/04\/photo-1554446422-d05db23719d2-80x80.jpg 80w, https:\/\/www.aon.es\/site\/ipm-club\/wp-content\/uploads\/sites\/76\/2021\/04\/photo-1554446422-d05db23719d2-36x36.jpg 36w, https:\/\/www.aon.es\/site\/ipm-club\/wp-content\/uploads\/sites\/76\/2021\/04\/photo-1554446422-d05db23719d2-180x180.jpg 180w\" sizes=\"(max-width: 80px) 100vw, 80px\" \/><\/a><\/div><div class=\"av-magazine-content-wrap\"><header class=\"entry-content-header\" aria-label=\"Post: \u00bfQuieres saber m\u00e1s sobre movilidad internacional? Elena Lacambra, comparte con  International People Mobility Club (IPM Club) su experiencia tras m\u00e1s de 20 a\u00f1os como expatriada.  Gracias a Elena C. de Garrigues y a Javier Flores P\u00e9rez por la entrevista.\"><time class='av-magazine-time updated'  itemprop=\"datePublished\" datetime=\"2021-04-20T09:46:05+00:00\" >20 abril, 2021<\/time><h3 class='av-magazine-title entry-title '  itemprop=\"headline\" ><a href='https:\/\/www.aon.es\/site\/ipm-club\/2021\/04\/20\/quieres-saber-mas-sobre-movilidad-internacional-elena-lacambra-comparte-con-international-people-mobility-club-ipm-club-su-experiencia-tras-mas-de-20-anos-como-expatriada-gracias-a-elena\/' title='Enlace a: \u00bfQuieres saber m\u00e1s sobre movilidad internacional? Elena Lacambra, comparte con  International People Mobility Club (IPM Club) su experiencia tras m\u00e1s de 20 a\u00f1os como expatriada.  Gracias a Elena C. de Garrigues y a Javier Flores P\u00e9rez por la entrevista.'>\u00bfQuieres saber m\u00e1s sobre movilidad internacional? Elena Lacambra, comparte con  International People Mobility Club (IPM Club) su experiencia tras m\u00e1s de 20 a\u00f1os como expatriada.  Gracias a Elena C. de Garrigues y a Javier Flores P\u00e9rez por la entrevista.<\/a><\/h3><\/header><\/div><footer class=\"entry-footer\"><\/footer><\/article><article class='av-magazine-entry av-magazine-entry-id-2360 av-magazine-format-standard av-magazine-type-post av-magazine-entry-2 av-magazine-entry-small '  itemscope=\"itemscope\" itemtype=\"https:\/\/schema.org\/BlogPosting\" itemprop=\"blogPost\" ><div class=\"av-magazine-thumbnail\"><a href='https:\/\/www.aon.es\/site\/ipm-club\/2021\/03\/15\/compartimos-con-vosotros-la-ultima-entrevista-a-expertos-del-international-people-mobility-club-ipm-club-de-aon-donde-tendremos-el-placer-de-escuchar-a-angeles-gonzalez-vigil-de-feex-sobre-las-ultim\/' title='Enlace a: Compartimos con vosotros la \u00faltima entrevista a expertos del International People Mobility Club (IPM Club) de Aon donde tendremos el placer de escuchar a \u00c1ngeles Gonz\u00e1lez-Vigil de FeeX sobre las \u00faltimas tendencias en movilidad internacional.' class='av-magazine-thumbnail-link'><img decoding=\"async\" fetchpriority=\"high\" width=\"80\" height=\"80\" src=\"https:\/\/www.aon.es\/site\/ipm-club\/wp-content\/uploads\/sites\/76\/2018\/11\/imagen-2contenido-chubb-80x80.jpg\" class=\"wp-image-1796 avia-img-lazy-loading-not-1796 attachment-thumbnail size-thumbnail wp-post-image\" alt=\"\" srcset=\"https:\/\/www.aon.es\/site\/ipm-club\/wp-content\/uploads\/sites\/76\/2018\/11\/imagen-2contenido-chubb-80x80.jpg 80w, https:\/\/www.aon.es\/site\/ipm-club\/wp-content\/uploads\/sites\/76\/2018\/11\/imagen-2contenido-chubb-36x36.jpg 36w, https:\/\/www.aon.es\/site\/ipm-club\/wp-content\/uploads\/sites\/76\/2018\/11\/imagen-2contenido-chubb-180x180.jpg 180w, https:\/\/www.aon.es\/site\/ipm-club\/wp-content\/uploads\/sites\/76\/2018\/11\/imagen-2contenido-chubb-120x120.jpg 120w\" sizes=\"(max-width: 80px) 100vw, 80px\" \/><\/a><\/div><div class=\"av-magazine-content-wrap\"><header class=\"entry-content-header\" aria-label=\"Post: Compartimos con vosotros la \u00faltima entrevista a expertos del International People Mobility Club (IPM Club) de Aon donde tendremos el placer de escuchar a \u00c1ngeles Gonz\u00e1lez-Vigil de FeeX sobre las \u00faltimas tendencias en movilidad internacional.\"><time class='av-magazine-time updated'  itemprop=\"datePublished\" datetime=\"2021-03-15T10:20:29+00:00\" >15 marzo, 2021<\/time><h3 class='av-magazine-title entry-title '  itemprop=\"headline\" ><a href='https:\/\/www.aon.es\/site\/ipm-club\/2021\/03\/15\/compartimos-con-vosotros-la-ultima-entrevista-a-expertos-del-international-people-mobility-club-ipm-club-de-aon-donde-tendremos-el-placer-de-escuchar-a-angeles-gonzalez-vigil-de-feex-sobre-las-ultim\/' title='Enlace a: Compartimos con vosotros la \u00faltima entrevista a expertos del International People Mobility Club (IPM Club) de Aon donde tendremos el placer de escuchar a \u00c1ngeles Gonz\u00e1lez-Vigil de FeeX sobre las \u00faltimas tendencias en movilidad internacional.'>Compartimos con vosotros la \u00faltima entrevista a expertos del International People Mobility Club (IPM Club) de Aon donde tendremos el placer de escuchar a \u00c1ngeles Gonz\u00e1lez-Vigil de FeeX sobre las \u00faltimas tendencias en movilidad internacional.<\/a><\/h3><\/header><\/div><footer class=\"entry-footer\"><\/footer><\/article><article class='av-magazine-entry av-magazine-entry-id-2348 av-magazine-format-standard av-magazine-type-post av-magazine-entry-3 av-magazine-entry-small '  itemscope=\"itemscope\" itemtype=\"https:\/\/schema.org\/BlogPosting\" itemprop=\"blogPost\" ><div class=\"av-magazine-thumbnail\"><a href='https:\/\/www.aon.es\/site\/ipm-club\/2020\/10\/20\/entrevista-a-javier-arribas-ohl\/' title='Enlace a: Entrevista a Javier Arribas-OHL' class='av-magazine-thumbnail-link'><img decoding=\"async\" fetchpriority=\"high\" width=\"80\" height=\"80\" src=\"https:\/\/www.aon.es\/site\/ipm-club\/wp-content\/uploads\/sites\/76\/2020\/10\/photo-1497015289639-54688650d173-80x80.jpg\" class=\"wp-image-2350 avia-img-lazy-loading-not-2350 attachment-thumbnail size-thumbnail wp-post-image\" alt=\"\" srcset=\"https:\/\/www.aon.es\/site\/ipm-club\/wp-content\/uploads\/sites\/76\/2020\/10\/photo-1497015289639-54688650d173-80x80.jpg 80w, https:\/\/www.aon.es\/site\/ipm-club\/wp-content\/uploads\/sites\/76\/2020\/10\/photo-1497015289639-54688650d173-36x36.jpg 36w, https:\/\/www.aon.es\/site\/ipm-club\/wp-content\/uploads\/sites\/76\/2020\/10\/photo-1497015289639-54688650d173-180x180.jpg 180w\" sizes=\"(max-width: 80px) 100vw, 80px\" \/><\/a><\/div><div class=\"av-magazine-content-wrap\"><header class=\"entry-content-header\" aria-label=\"Post: Entrevista a Javier Arribas-OHL\"><time class='av-magazine-time updated'  itemprop=\"datePublished\" datetime=\"2020-10-20T10:29:26+00:00\" >20 octubre, 2020<\/time><h3 class='av-magazine-title entry-title '  itemprop=\"headline\" ><a href='https:\/\/www.aon.es\/site\/ipm-club\/2020\/10\/20\/entrevista-a-javier-arribas-ohl\/' title='Enlace a: Entrevista a Javier Arribas-OHL'>Entrevista a Javier Arribas-OHL<\/a><\/h3><\/header><\/div><footer class=\"entry-footer\"><\/footer><\/article><article class='av-magazine-entry av-magazine-entry-id-2325 av-magazine-format-standard av-magazine-type-post av-magazine-entry-4 av-magazine-entry-small '  itemscope=\"itemscope\" itemtype=\"https:\/\/schema.org\/BlogPosting\" itemprop=\"blogPost\" ><div class=\"av-magazine-thumbnail\"><a href='https:\/\/www.aon.es\/site\/ipm-club\/2020\/04\/30\/entrevista-a-jose-maria-caballero-sobre-tendencias-actuales-y-futuras-de-la-movilidad-internacional\/' title='Enlace a: Entrevista a Jos\u00e9 Mar\u00eda Caballero sobre tendencias actuales y futuras de la movilidad internacional' class='av-magazine-thumbnail-link'><img decoding=\"async\" fetchpriority=\"high\" width=\"80\" height=\"80\" src=\"https:\/\/www.aon.es\/site\/ipm-club\/wp-content\/uploads\/sites\/76\/2020\/04\/Foto-micr\u00f3fono-80x80.jpg\" class=\"wp-image-2328 avia-img-lazy-loading-not-2328 attachment-thumbnail size-thumbnail wp-post-image\" alt=\"\" srcset=\"https:\/\/www.aon.es\/site\/ipm-club\/wp-content\/uploads\/sites\/76\/2020\/04\/Foto-micr\u00f3fono-80x80.jpg 80w, https:\/\/www.aon.es\/site\/ipm-club\/wp-content\/uploads\/sites\/76\/2020\/04\/Foto-micr\u00f3fono-36x36.jpg 36w, https:\/\/www.aon.es\/site\/ipm-club\/wp-content\/uploads\/sites\/76\/2020\/04\/Foto-micr\u00f3fono-180x180.jpg 180w, https:\/\/www.aon.es\/site\/ipm-club\/wp-content\/uploads\/sites\/76\/2020\/04\/Foto-micr\u00f3fono-634x630.jpg 634w\" sizes=\"(max-width: 80px) 100vw, 80px\" \/><\/a><\/div><div class=\"av-magazine-content-wrap\"><header class=\"entry-content-header\" aria-label=\"Post: Entrevista a Jos\u00e9 Mar\u00eda Caballero sobre tendencias actuales y futuras de la movilidad internacional\"><time class='av-magazine-time updated'  itemprop=\"datePublished\" datetime=\"2020-04-30T15:41:11+00:00\" >30 abril, 2020<\/time><h3 class='av-magazine-title entry-title '  itemprop=\"headline\" ><a href='https:\/\/www.aon.es\/site\/ipm-club\/2020\/04\/30\/entrevista-a-jose-maria-caballero-sobre-tendencias-actuales-y-futuras-de-la-movilidad-internacional\/' title='Enlace a: Entrevista a Jos\u00e9 Mar\u00eda Caballero sobre tendencias actuales y futuras de la movilidad internacional'>Entrevista a Jos\u00e9 Mar\u00eda Caballero sobre tendencias actuales y futuras de la movilidad internacional<\/a><\/h3><\/header><\/div><footer class=\"entry-footer\"><\/footer><\/article><article class='av-magazine-entry av-magazine-entry-id-2308 av-magazine-format-standard av-magazine-type-post av-magazine-entry-5 av-magazine-entry-small '  itemscope=\"itemscope\" itemtype=\"https:\/\/schema.org\/BlogPosting\" itemprop=\"blogPost\" ><div class=\"av-magazine-thumbnail\"><a href='https:\/\/www.aon.es\/site\/ipm-club\/2020\/02\/24\/2308\/' title='Enlace a: CORONAVIRUS LAST NEWS COVID-19' class='av-magazine-thumbnail-link'><img decoding=\"async\" fetchpriority=\"high\" width=\"80\" height=\"80\" src=\"https:\/\/www.aon.es\/site\/ipm-club\/wp-content\/uploads\/sites\/76\/2020\/02\/foto-coronavirus-80x80.png\" class=\"wp-image-2305 avia-img-lazy-loading-not-2305 attachment-thumbnail size-thumbnail wp-post-image\" alt=\"\" srcset=\"https:\/\/www.aon.es\/site\/ipm-club\/wp-content\/uploads\/sites\/76\/2020\/02\/foto-coronavirus-80x80.png 80w, https:\/\/www.aon.es\/site\/ipm-club\/wp-content\/uploads\/sites\/76\/2020\/02\/foto-coronavirus-36x36.png 36w, https:\/\/www.aon.es\/site\/ipm-club\/wp-content\/uploads\/sites\/76\/2020\/02\/foto-coronavirus-180x180.png 180w\" sizes=\"(max-width: 80px) 100vw, 80px\" \/><\/a><\/div><div class=\"av-magazine-content-wrap\"><header class=\"entry-content-header\" aria-label=\"Post: CORONAVIRUS LAST NEWS COVID-19\"><time class='av-magazine-time updated'  itemprop=\"datePublished\" datetime=\"2020-02-24T12:28:55+00:00\" >24 febrero, 2020<\/time><h3 class='av-magazine-title entry-title '  itemprop=\"headline\" ><a href='https:\/\/www.aon.es\/site\/ipm-club\/2020\/02\/24\/2308\/' title='Enlace a: CORONAVIRUS LAST NEWS COVID-19'>CORONAVIRUS LAST NEWS COVID-19<\/a><\/h3><\/header><\/div><footer class=\"entry-footer\"><\/footer><\/article><\/div><div class='av-magazine-group av-hidden-mag sort_6'><article class='av-magazine-entry av-magazine-entry-id-1995 av-magazine-format-standard av-magazine-type-post av-magazine-entry-1 av-magazine-entry-small '  itemscope=\"itemscope\" itemtype=\"https:\/\/schema.org\/BlogPosting\" itemprop=\"blogPost\" ><div class=\"av-magazine-thumbnail\"><a href='https:\/\/www.aon.es\/site\/ipm-club\/2019\/03\/15\/ipm-club-organiza-un-encuentro-de-movilidad-internacional\/' title='Enlace a: IPM Club organiza un encuentro de movilidad internacional' class='av-magazine-thumbnail-link'><img decoding=\"async\" fetchpriority=\"high\" width=\"80\" height=\"80\" src=\"https:\/\/www.aon.es\/site\/ipm-club\/wp-content\/uploads\/sites\/76\/2019\/03\/Imagen-Web-80x80.png\" class=\"wp-image-1987 avia-img-lazy-loading-not-1987 attachment-thumbnail size-thumbnail wp-post-image\" alt=\"\" srcset=\"https:\/\/www.aon.es\/site\/ipm-club\/wp-content\/uploads\/sites\/76\/2019\/03\/Imagen-Web-80x80.png 80w, https:\/\/www.aon.es\/site\/ipm-club\/wp-content\/uploads\/sites\/76\/2019\/03\/Imagen-Web-36x36.png 36w, https:\/\/www.aon.es\/site\/ipm-club\/wp-content\/uploads\/sites\/76\/2019\/03\/Imagen-Web-180x180.png 180w, https:\/\/www.aon.es\/site\/ipm-club\/wp-content\/uploads\/sites\/76\/2019\/03\/Imagen-Web-120x120.png 120w, https:\/\/www.aon.es\/site\/ipm-club\/wp-content\/uploads\/sites\/76\/2019\/03\/Imagen-Web-450x450.png 450w\" sizes=\"(max-width: 80px) 100vw, 80px\" \/><\/a><\/div><div class=\"av-magazine-content-wrap\"><header class=\"entry-content-header\" aria-label=\"Post: IPM Club organiza un encuentro de movilidad internacional\"><time class='av-magazine-time updated'  itemprop=\"datePublished\" datetime=\"2019-03-15T08:17:47+00:00\" >15 marzo, 2019<\/time><h3 class='av-magazine-title entry-title '  itemprop=\"headline\" ><a href='https:\/\/www.aon.es\/site\/ipm-club\/2019\/03\/15\/ipm-club-organiza-un-encuentro-de-movilidad-internacional\/' title='Enlace a: IPM Club organiza un encuentro de movilidad internacional'>IPM Club organiza un encuentro de movilidad internacional<\/a><\/h3><\/header><\/div><footer class=\"entry-footer\"><\/footer><\/article><article class='av-magazine-entry av-magazine-entry-id-1970 av-magazine-format-standard av-magazine-type-post av-magazine-entry-2 av-magazine-entry-small '  itemscope=\"itemscope\" itemtype=\"https:\/\/schema.org\/BlogPosting\" itemprop=\"blogPost\" ><div class=\"av-magazine-thumbnail\"><a href='https:\/\/www.aon.es\/site\/ipm-club\/2019\/03\/01\/ii-edicion-ipm-club-en-a-coruna\/' title='Enlace a: II Edici\u00f3n IPM Club en A Coru\u00f1a' class='av-magazine-thumbnail-link'><img decoding=\"async\" fetchpriority=\"high\" width=\"80\" height=\"80\" src=\"https:\/\/www.aon.es\/site\/ipm-club\/wp-content\/uploads\/sites\/76\/2019\/02\/SaveTheDateCoru-80x80.png\" class=\"wp-image-1957 avia-img-lazy-loading-not-1957 attachment-thumbnail size-thumbnail wp-post-image\" alt=\"\" srcset=\"https:\/\/www.aon.es\/site\/ipm-club\/wp-content\/uploads\/sites\/76\/2019\/02\/SaveTheDateCoru-80x80.png 80w, https:\/\/www.aon.es\/site\/ipm-club\/wp-content\/uploads\/sites\/76\/2019\/02\/SaveTheDateCoru-36x36.png 36w, https:\/\/www.aon.es\/site\/ipm-club\/wp-content\/uploads\/sites\/76\/2019\/02\/SaveTheDateCoru-180x180.png 180w, https:\/\/www.aon.es\/site\/ipm-club\/wp-content\/uploads\/sites\/76\/2019\/02\/SaveTheDateCoru-120x120.png 120w\" sizes=\"(max-width: 80px) 100vw, 80px\" \/><\/a><\/div><div class=\"av-magazine-content-wrap\"><header class=\"entry-content-header\" aria-label=\"Post: II Edici\u00f3n IPM Club en A Coru\u00f1a\"><time class='av-magazine-time updated'  itemprop=\"datePublished\" datetime=\"2019-03-01T10:13:05+00:00\" >1 marzo, 2019<\/time><h3 class='av-magazine-title entry-title '  itemprop=\"headline\" ><a href='https:\/\/www.aon.es\/site\/ipm-club\/2019\/03\/01\/ii-edicion-ipm-club-en-a-coruna\/' title='Enlace a: II Edici\u00f3n IPM Club en A Coru\u00f1a'>II Edici\u00f3n IPM Club en A Coru\u00f1a<\/a><\/h3><\/header><\/div><footer class=\"entry-footer\"><\/footer><\/article><article class='av-magazine-entry av-magazine-entry-id-1968 av-magazine-format-standard av-magazine-type-post av-magazine-entry-3 av-magazine-entry-small '  itemscope=\"itemscope\" itemtype=\"https:\/\/schema.org\/BlogPosting\" itemprop=\"blogPost\" ><div class=\"av-magazine-thumbnail\"><a href='https:\/\/www.aon.es\/site\/ipm-club\/2019\/03\/01\/ii-edicion-ipm-club-en-vigo\/' title='Enlace a: II Edici\u00f3n IPM Club en Vigo' class='av-magazine-thumbnail-link'><img decoding=\"async\" fetchpriority=\"high\" width=\"80\" height=\"80\" src=\"https:\/\/www.aon.es\/site\/ipm-club\/wp-content\/uploads\/sites\/76\/2019\/02\/SaveTheDateVigo-80x80.png\" class=\"wp-image-1952 avia-img-lazy-loading-not-1952 attachment-thumbnail size-thumbnail wp-post-image\" alt=\"\" srcset=\"https:\/\/www.aon.es\/site\/ipm-club\/wp-content\/uploads\/sites\/76\/2019\/02\/SaveTheDateVigo-80x80.png 80w, https:\/\/www.aon.es\/site\/ipm-club\/wp-content\/uploads\/sites\/76\/2019\/02\/SaveTheDateVigo-36x36.png 36w, https:\/\/www.aon.es\/site\/ipm-club\/wp-content\/uploads\/sites\/76\/2019\/02\/SaveTheDateVigo-180x180.png 180w, https:\/\/www.aon.es\/site\/ipm-club\/wp-content\/uploads\/sites\/76\/2019\/02\/SaveTheDateVigo-120x120.png 120w\" sizes=\"(max-width: 80px) 100vw, 80px\" \/><\/a><\/div><div class=\"av-magazine-content-wrap\"><header class=\"entry-content-header\" aria-label=\"Post: II Edici\u00f3n IPM Club en Vigo\"><time class='av-magazine-time updated'  itemprop=\"datePublished\" datetime=\"2019-03-01T08:00:48+00:00\" >1 marzo, 2019<\/time><h3 class='av-magazine-title entry-title '  itemprop=\"headline\" ><a href='https:\/\/www.aon.es\/site\/ipm-club\/2019\/03\/01\/ii-edicion-ipm-club-en-vigo\/' title='Enlace a: II Edici\u00f3n IPM Club en Vigo'>II Edici\u00f3n IPM Club en Vigo<\/a><\/h3><\/header><\/div><footer class=\"entry-footer\"><\/footer><\/article><article class='av-magazine-entry av-magazine-entry-id-1926 av-magazine-format-standard av-magazine-type-post av-magazine-entry-4 av-magazine-entry-small '  itemscope=\"itemscope\" itemtype=\"https:\/\/schema.org\/BlogPosting\" itemprop=\"blogPost\" ><div class=\"av-magazine-thumbnail\"><a href='https:\/\/www.aon.es\/site\/ipm-club\/2019\/01\/24\/reminder-ihr-meeting-29-enero\/' title='Enlace a: REMINDER: IHR MEETING 29 ENERO' class='av-magazine-thumbnail-link'><img decoding=\"async\" fetchpriority=\"high\" width=\"80\" height=\"80\" src=\"https:\/\/www.aon.es\/site\/ipm-club\/wp-content\/uploads\/sites\/76\/2019\/01\/imagen-evento-ihr29enero-80x80.png\" class=\"wp-image-1929 avia-img-lazy-loading-not-1929 attachment-thumbnail size-thumbnail wp-post-image\" alt=\"\" srcset=\"https:\/\/www.aon.es\/site\/ipm-club\/wp-content\/uploads\/sites\/76\/2019\/01\/imagen-evento-ihr29enero-80x80.png 80w, https:\/\/www.aon.es\/site\/ipm-club\/wp-content\/uploads\/sites\/76\/2019\/01\/imagen-evento-ihr29enero-36x36.png 36w, https:\/\/www.aon.es\/site\/ipm-club\/wp-content\/uploads\/sites\/76\/2019\/01\/imagen-evento-ihr29enero-180x180.png 180w, https:\/\/www.aon.es\/site\/ipm-club\/wp-content\/uploads\/sites\/76\/2019\/01\/imagen-evento-ihr29enero-120x120.png 120w\" sizes=\"(max-width: 80px) 100vw, 80px\" \/><\/a><\/div><div class=\"av-magazine-content-wrap\"><header class=\"entry-content-header\" aria-label=\"Post: REMINDER: IHR MEETING 29 ENERO\"><time class='av-magazine-time updated'  itemprop=\"datePublished\" datetime=\"2019-01-24T12:29:24+00:00\" >24 enero, 2019<\/time><h3 class='av-magazine-title entry-title '  itemprop=\"headline\" ><a href='https:\/\/www.aon.es\/site\/ipm-club\/2019\/01\/24\/reminder-ihr-meeting-29-enero\/' title='Enlace a: REMINDER: IHR MEETING 29 ENERO'>REMINDER: IHR MEETING 29 ENERO<\/a><\/h3><\/header><\/div><footer class=\"entry-footer\"><\/footer><\/article><article class='av-magazine-entry av-magazine-entry-id-1873 av-magazine-format-standard av-magazine-type-post av-magazine-entry-5 av-magazine-entry-small '  itemscope=\"itemscope\" itemtype=\"https:\/\/schema.org\/BlogPosting\" itemprop=\"blogPost\" ><div class=\"av-magazine-thumbnail\"><a href='https:\/\/www.aon.es\/site\/ipm-club\/2018\/12\/13\/save-the-date-29-enero-2019\/' title='Enlace a: SAVE THE DATE: 29 ENERO 2019' class='av-magazine-thumbnail-link'><img decoding=\"async\" fetchpriority=\"high\" width=\"80\" height=\"80\" src=\"https:\/\/www.aon.es\/site\/ipm-club\/wp-content\/uploads\/sites\/76\/2018\/12\/aviones-80x80.png\" class=\"wp-image-1871 avia-img-lazy-loading-not-1871 attachment-thumbnail size-thumbnail wp-post-image\" alt=\"\" srcset=\"https:\/\/www.aon.es\/site\/ipm-club\/wp-content\/uploads\/sites\/76\/2018\/12\/aviones-80x80.png 80w, https:\/\/www.aon.es\/site\/ipm-club\/wp-content\/uploads\/sites\/76\/2018\/12\/aviones-36x36.png 36w, https:\/\/www.aon.es\/site\/ipm-club\/wp-content\/uploads\/sites\/76\/2018\/12\/aviones-180x180.png 180w, https:\/\/www.aon.es\/site\/ipm-club\/wp-content\/uploads\/sites\/76\/2018\/12\/aviones-120x120.png 120w, https:\/\/www.aon.es\/site\/ipm-club\/wp-content\/uploads\/sites\/76\/2018\/12\/aviones-450x450.png 450w\" sizes=\"(max-width: 80px) 100vw, 80px\" \/><\/a><\/div><div class=\"av-magazine-content-wrap\"><header class=\"entry-content-header\" aria-label=\"Post: SAVE THE DATE: 29 ENERO 2019\"><time class='av-magazine-time updated'  itemprop=\"datePublished\" datetime=\"2018-12-13T11:03:02+00:00\" >13 diciembre, 2018<\/time><h3 class='av-magazine-title entry-title '  itemprop=\"headline\" ><a href='https:\/\/www.aon.es\/site\/ipm-club\/2018\/12\/13\/save-the-date-29-enero-2019\/' title='Enlace a: SAVE THE DATE: 29 ENERO 2019'>SAVE THE DATE: 29 ENERO 2019<\/a><\/h3><\/header><\/div><footer class=\"entry-footer\"><\/footer><\/article><\/div><div class='av-magazine-group av-hidden-mag sort_5'><article class='av-magazine-entry av-magazine-entry-id-2373 av-magazine-format-standard av-magazine-type-post av-magazine-entry-1 av-magazine-entry-small '  itemscope=\"itemscope\" itemtype=\"https:\/\/schema.org\/BlogPosting\" itemprop=\"blogPost\" ><div class=\"av-magazine-thumbnail\"><a href='https:\/\/www.aon.es\/site\/ipm-club\/2021\/04\/20\/quieres-saber-mas-sobre-movilidad-internacional-elena-lacambra-comparte-con-international-people-mobility-club-ipm-club-su-experiencia-tras-mas-de-20-anos-como-expatriada-gracias-a-elena\/' title='Enlace a: \u00bfQuieres saber m\u00e1s sobre movilidad internacional? Elena Lacambra, comparte con  International People Mobility Club (IPM Club) su experiencia tras m\u00e1s de 20 a\u00f1os como expatriada.  Gracias a Elena C. de Garrigues y a Javier Flores P\u00e9rez por la entrevista.' class='av-magazine-thumbnail-link'><img decoding=\"async\" fetchpriority=\"high\" width=\"80\" height=\"80\" src=\"https:\/\/www.aon.es\/site\/ipm-club\/wp-content\/uploads\/sites\/76\/2021\/04\/photo-1554446422-d05db23719d2-80x80.jpg\" class=\"wp-image-2374 avia-img-lazy-loading-not-2374 attachment-thumbnail size-thumbnail wp-post-image\" alt=\"\" srcset=\"https:\/\/www.aon.es\/site\/ipm-club\/wp-content\/uploads\/sites\/76\/2021\/04\/photo-1554446422-d05db23719d2-80x80.jpg 80w, https:\/\/www.aon.es\/site\/ipm-club\/wp-content\/uploads\/sites\/76\/2021\/04\/photo-1554446422-d05db23719d2-36x36.jpg 36w, https:\/\/www.aon.es\/site\/ipm-club\/wp-content\/uploads\/sites\/76\/2021\/04\/photo-1554446422-d05db23719d2-180x180.jpg 180w\" sizes=\"(max-width: 80px) 100vw, 80px\" \/><\/a><\/div><div class=\"av-magazine-content-wrap\"><header class=\"entry-content-header\" aria-label=\"Post: \u00bfQuieres saber m\u00e1s sobre movilidad internacional? Elena Lacambra, comparte con  International People Mobility Club (IPM Club) su experiencia tras m\u00e1s de 20 a\u00f1os como expatriada.  Gracias a Elena C. de Garrigues y a Javier Flores P\u00e9rez por la entrevista.\"><time class='av-magazine-time updated'  itemprop=\"datePublished\" datetime=\"2021-04-20T09:46:05+00:00\" >20 abril, 2021<\/time><h3 class='av-magazine-title entry-title '  itemprop=\"headline\" ><a href='https:\/\/www.aon.es\/site\/ipm-club\/2021\/04\/20\/quieres-saber-mas-sobre-movilidad-internacional-elena-lacambra-comparte-con-international-people-mobility-club-ipm-club-su-experiencia-tras-mas-de-20-anos-como-expatriada-gracias-a-elena\/' title='Enlace a: \u00bfQuieres saber m\u00e1s sobre movilidad internacional? Elena Lacambra, comparte con  International People Mobility Club (IPM Club) su experiencia tras m\u00e1s de 20 a\u00f1os como expatriada.  Gracias a Elena C. de Garrigues y a Javier Flores P\u00e9rez por la entrevista.'>\u00bfQuieres saber m\u00e1s sobre movilidad internacional? Elena Lacambra, comparte con  International People Mobility Club (IPM Club) su experiencia tras m\u00e1s de 20 a\u00f1os como expatriada.  Gracias a Elena C. de Garrigues y a Javier Flores P\u00e9rez por la entrevista.<\/a><\/h3><\/header><\/div><footer class=\"entry-footer\"><\/footer><\/article><article class='av-magazine-entry av-magazine-entry-id-2360 av-magazine-format-standard av-magazine-type-post av-magazine-entry-2 av-magazine-entry-small '  itemscope=\"itemscope\" itemtype=\"https:\/\/schema.org\/BlogPosting\" itemprop=\"blogPost\" ><div class=\"av-magazine-thumbnail\"><a href='https:\/\/www.aon.es\/site\/ipm-club\/2021\/03\/15\/compartimos-con-vosotros-la-ultima-entrevista-a-expertos-del-international-people-mobility-club-ipm-club-de-aon-donde-tendremos-el-placer-de-escuchar-a-angeles-gonzalez-vigil-de-feex-sobre-las-ultim\/' title='Enlace a: Compartimos con vosotros la \u00faltima entrevista a expertos del International People Mobility Club (IPM Club) de Aon donde tendremos el placer de escuchar a \u00c1ngeles Gonz\u00e1lez-Vigil de FeeX sobre las \u00faltimas tendencias en movilidad internacional.' class='av-magazine-thumbnail-link'><img decoding=\"async\" fetchpriority=\"high\" width=\"80\" height=\"80\" src=\"https:\/\/www.aon.es\/site\/ipm-club\/wp-content\/uploads\/sites\/76\/2018\/11\/imagen-2contenido-chubb-80x80.jpg\" class=\"wp-image-1796 avia-img-lazy-loading-not-1796 attachment-thumbnail size-thumbnail wp-post-image\" alt=\"\" srcset=\"https:\/\/www.aon.es\/site\/ipm-club\/wp-content\/uploads\/sites\/76\/2018\/11\/imagen-2contenido-chubb-80x80.jpg 80w, https:\/\/www.aon.es\/site\/ipm-club\/wp-content\/uploads\/sites\/76\/2018\/11\/imagen-2contenido-chubb-36x36.jpg 36w, https:\/\/www.aon.es\/site\/ipm-club\/wp-content\/uploads\/sites\/76\/2018\/11\/imagen-2contenido-chubb-180x180.jpg 180w, https:\/\/www.aon.es\/site\/ipm-club\/wp-content\/uploads\/sites\/76\/2018\/11\/imagen-2contenido-chubb-120x120.jpg 120w\" sizes=\"(max-width: 80px) 100vw, 80px\" \/><\/a><\/div><div class=\"av-magazine-content-wrap\"><header class=\"entry-content-header\" aria-label=\"Post: Compartimos con vosotros la \u00faltima entrevista a expertos del International People Mobility Club (IPM Club) de Aon donde tendremos el placer de escuchar a \u00c1ngeles Gonz\u00e1lez-Vigil de FeeX sobre las \u00faltimas tendencias en movilidad internacional.\"><time class='av-magazine-time updated'  itemprop=\"datePublished\" datetime=\"2021-03-15T10:20:29+00:00\" >15 marzo, 2021<\/time><h3 class='av-magazine-title entry-title '  itemprop=\"headline\" ><a href='https:\/\/www.aon.es\/site\/ipm-club\/2021\/03\/15\/compartimos-con-vosotros-la-ultima-entrevista-a-expertos-del-international-people-mobility-club-ipm-club-de-aon-donde-tendremos-el-placer-de-escuchar-a-angeles-gonzalez-vigil-de-feex-sobre-las-ultim\/' title='Enlace a: Compartimos con vosotros la \u00faltima entrevista a expertos del International People Mobility Club (IPM Club) de Aon donde tendremos el placer de escuchar a \u00c1ngeles Gonz\u00e1lez-Vigil de FeeX sobre las \u00faltimas tendencias en movilidad internacional.'>Compartimos con vosotros la \u00faltima entrevista a expertos del International People Mobility Club (IPM Club) de Aon donde tendremos el placer de escuchar a \u00c1ngeles Gonz\u00e1lez-Vigil de FeeX sobre las \u00faltimas tendencias en movilidad internacional.<\/a><\/h3><\/header><\/div><footer class=\"entry-footer\"><\/footer><\/article><article class='av-magazine-entry av-magazine-entry-id-2348 av-magazine-format-standard av-magazine-type-post av-magazine-entry-3 av-magazine-entry-small '  itemscope=\"itemscope\" itemtype=\"https:\/\/schema.org\/BlogPosting\" itemprop=\"blogPost\" ><div class=\"av-magazine-thumbnail\"><a href='https:\/\/www.aon.es\/site\/ipm-club\/2020\/10\/20\/entrevista-a-javier-arribas-ohl\/' title='Enlace a: Entrevista a Javier Arribas-OHL' class='av-magazine-thumbnail-link'><img decoding=\"async\" fetchpriority=\"high\" width=\"80\" height=\"80\" src=\"https:\/\/www.aon.es\/site\/ipm-club\/wp-content\/uploads\/sites\/76\/2020\/10\/photo-1497015289639-54688650d173-80x80.jpg\" class=\"wp-image-2350 avia-img-lazy-loading-not-2350 attachment-thumbnail size-thumbnail wp-post-image\" alt=\"\" srcset=\"https:\/\/www.aon.es\/site\/ipm-club\/wp-content\/uploads\/sites\/76\/2020\/10\/photo-1497015289639-54688650d173-80x80.jpg 80w, https:\/\/www.aon.es\/site\/ipm-club\/wp-content\/uploads\/sites\/76\/2020\/10\/photo-1497015289639-54688650d173-36x36.jpg 36w, https:\/\/www.aon.es\/site\/ipm-club\/wp-content\/uploads\/sites\/76\/2020\/10\/photo-1497015289639-54688650d173-180x180.jpg 180w\" sizes=\"(max-width: 80px) 100vw, 80px\" \/><\/a><\/div><div class=\"av-magazine-content-wrap\"><header class=\"entry-content-header\" aria-label=\"Post: Entrevista a Javier Arribas-OHL\"><time class='av-magazine-time updated'  itemprop=\"datePublished\" datetime=\"2020-10-20T10:29:26+00:00\" >20 octubre, 2020<\/time><h3 class='av-magazine-title entry-title '  itemprop=\"headline\" ><a href='https:\/\/www.aon.es\/site\/ipm-club\/2020\/10\/20\/entrevista-a-javier-arribas-ohl\/' title='Enlace a: Entrevista a Javier Arribas-OHL'>Entrevista a Javier Arribas-OHL<\/a><\/h3><\/header><\/div><footer class=\"entry-footer\"><\/footer><\/article><article class='av-magazine-entry av-magazine-entry-id-2325 av-magazine-format-standard av-magazine-type-post av-magazine-entry-4 av-magazine-entry-small '  itemscope=\"itemscope\" itemtype=\"https:\/\/schema.org\/BlogPosting\" itemprop=\"blogPost\" ><div class=\"av-magazine-thumbnail\"><a href='https:\/\/www.aon.es\/site\/ipm-club\/2020\/04\/30\/entrevista-a-jose-maria-caballero-sobre-tendencias-actuales-y-futuras-de-la-movilidad-internacional\/' title='Enlace a: Entrevista a Jos\u00e9 Mar\u00eda Caballero sobre tendencias actuales y futuras de la movilidad internacional' class='av-magazine-thumbnail-link'><img decoding=\"async\" fetchpriority=\"high\" width=\"80\" height=\"80\" src=\"https:\/\/www.aon.es\/site\/ipm-club\/wp-content\/uploads\/sites\/76\/2020\/04\/Foto-micr\u00f3fono-80x80.jpg\" class=\"wp-image-2328 avia-img-lazy-loading-not-2328 attachment-thumbnail size-thumbnail wp-post-image\" alt=\"\" srcset=\"https:\/\/www.aon.es\/site\/ipm-club\/wp-content\/uploads\/sites\/76\/2020\/04\/Foto-micr\u00f3fono-80x80.jpg 80w, https:\/\/www.aon.es\/site\/ipm-club\/wp-content\/uploads\/sites\/76\/2020\/04\/Foto-micr\u00f3fono-36x36.jpg 36w, https:\/\/www.aon.es\/site\/ipm-club\/wp-content\/uploads\/sites\/76\/2020\/04\/Foto-micr\u00f3fono-180x180.jpg 180w, https:\/\/www.aon.es\/site\/ipm-club\/wp-content\/uploads\/sites\/76\/2020\/04\/Foto-micr\u00f3fono-634x630.jpg 634w\" sizes=\"(max-width: 80px) 100vw, 80px\" \/><\/a><\/div><div class=\"av-magazine-content-wrap\"><header class=\"entry-content-header\" aria-label=\"Post: Entrevista a Jos\u00e9 Mar\u00eda Caballero sobre tendencias actuales y futuras de la movilidad internacional\"><time class='av-magazine-time updated'  itemprop=\"datePublished\" datetime=\"2020-04-30T15:41:11+00:00\" >30 abril, 2020<\/time><h3 class='av-magazine-title entry-title '  itemprop=\"headline\" ><a href='https:\/\/www.aon.es\/site\/ipm-club\/2020\/04\/30\/entrevista-a-jose-maria-caballero-sobre-tendencias-actuales-y-futuras-de-la-movilidad-internacional\/' title='Enlace a: Entrevista a Jos\u00e9 Mar\u00eda Caballero sobre tendencias actuales y futuras de la movilidad internacional'>Entrevista a Jos\u00e9 Mar\u00eda Caballero sobre tendencias actuales y futuras de la movilidad internacional<\/a><\/h3><\/header><\/div><footer class=\"entry-footer\"><\/footer><\/article><article class='av-magazine-entry av-magazine-entry-id-2308 av-magazine-format-standard av-magazine-type-post av-magazine-entry-5 av-magazine-entry-small '  itemscope=\"itemscope\" itemtype=\"https:\/\/schema.org\/BlogPosting\" itemprop=\"blogPost\" ><div class=\"av-magazine-thumbnail\"><a href='https:\/\/www.aon.es\/site\/ipm-club\/2020\/02\/24\/2308\/' title='Enlace a: CORONAVIRUS LAST NEWS COVID-19' class='av-magazine-thumbnail-link'><img decoding=\"async\" fetchpriority=\"high\" width=\"80\" height=\"80\" src=\"https:\/\/www.aon.es\/site\/ipm-club\/wp-content\/uploads\/sites\/76\/2020\/02\/foto-coronavirus-80x80.png\" class=\"wp-image-2305 avia-img-lazy-loading-not-2305 attachment-thumbnail size-thumbnail wp-post-image\" alt=\"\" srcset=\"https:\/\/www.aon.es\/site\/ipm-club\/wp-content\/uploads\/sites\/76\/2020\/02\/foto-coronavirus-80x80.png 80w, https:\/\/www.aon.es\/site\/ipm-club\/wp-content\/uploads\/sites\/76\/2020\/02\/foto-coronavirus-36x36.png 36w, https:\/\/www.aon.es\/site\/ipm-club\/wp-content\/uploads\/sites\/76\/2020\/02\/foto-coronavirus-180x180.png 180w\" sizes=\"(max-width: 80px) 100vw, 80px\" \/><\/a><\/div><div class=\"av-magazine-content-wrap\"><header class=\"entry-content-header\" aria-label=\"Post: CORONAVIRUS LAST NEWS COVID-19\"><time class='av-magazine-time updated'  itemprop=\"datePublished\" datetime=\"2020-02-24T12:28:55+00:00\" >24 febrero, 2020<\/time><h3 class='av-magazine-title entry-title '  itemprop=\"headline\" ><a href='https:\/\/www.aon.es\/site\/ipm-club\/2020\/02\/24\/2308\/' title='Enlace a: CORONAVIRUS LAST NEWS COVID-19'>CORONAVIRUS LAST NEWS COVID-19<\/a><\/h3><\/header><\/div><footer class=\"entry-footer\"><\/footer><\/article><\/div><\/div><\/div>\n\n<style type=\"text\/css\" data-created_by=\"avia_inline_auto\" id=\"style-css-av-dxe0e-7521d7d756e5acc9faae1ac05cbfcd4f\">\n.flex_column.av-dxe0e-7521d7d756e5acc9faae1ac05cbfcd4f{\nborder-radius:0px 0px 0px 0px;\npadding:0px 0px 0px 0px;\n}\n<\/style>\n<div  class='flex_column av-dxe0e-7521d7d756e5acc9faae1ac05cbfcd4f av_two_third  avia-builder-el-7  el_after_av_one_third  avia-builder-el-last  first flex_column_div av-zero-column-padding  column-top-margin'     ><p><section  class='av_textblock_section av-jikcljvu-7b713c06fa83934f9c1ead7ffb1969f4 '   itemscope=\"itemscope\" itemtype=\"https:\/\/schema.org\/BlogPosting\" itemprop=\"blogPost\" ><div class='avia_textblock'  itemprop=\"text\" ><p><strong>10 OCT 2018<\/strong><\/p>\n<\/div><\/section><br \/>\n<section  class='av_textblock_section av-jiypgsdm-f9d540e62a828e778425ee2be963607b '   itemscope=\"itemscope\" itemtype=\"https:\/\/schema.org\/BlogPosting\" itemprop=\"blogPost\" ><div class='avia_textblock'  itemprop=\"text\" ><h3>Aon y Zurich organizaron el encuentro \u201cGlobal Benefits Workshop\u201d para compartir las \u00faltimas tendencias y soluciones en la gesti\u00f3n global de beneficios para empleados.<\/h3>\n<p><strong>Las\u00a0multinacionales est\u00e1n revisando sus modelos de gesti\u00f3n de beneficios para empleados con una tendencia creciente hacia la gesti\u00f3n centralizada de los mismos. \u00c9sta es una de las principales conclusiones del encuentro \u201cGlobal Benefits Workshop\u201d, organizado por Aon y Zurich con el fin de compartir las \u00faltimas tendencias y soluciones en la gesti\u00f3n global de beneficios para empleados.<\/strong><\/p>\n<p>Durante la apertura del evento, realizada por Fernando Campos, <em>Managing Director Health &amp; Benefits de Aon Espa\u00f1a<\/em>, y Cristina S\u00e1nchez, <em>Head Corporate Life &amp; Pensions Spain de Zurich<\/em>, comentaron sus capacidades y su importante relaci\u00f3n a nivel global donde ya act\u00faan como partners de varias multinacionales para aportar soluciones innovadoras en cuanto a <strong>dise\u00f1o, pol\u00edticas y optimizaci\u00f3n financiera de sus programas de beneficios a nivel mundial.<\/strong><\/p>\n<p>Gonzalo Mart\u00ednez Coco, <em>Director de Global Benefits de Aon Espa\u00f1a<\/em>, destac\u00f3 como principales tendencias de mercado <strong>la creciente centralizaci\u00f3n en la toma de decisiones<\/strong>, <strong>la necesidad de cumplir con la legislaci\u00f3n en todos los pa\u00edses donde se opera, la aparici\u00f3n de nuevas plataformas tecnol\u00f3gicas de gesti\u00f3n de datos y la relevancia de la gesti\u00f3n de los planes m\u00e9dicos por el incremento de dichos costes<\/strong>, que en algunos pa\u00edses ya alcanzan el doble d\u00edgito.<\/p>\n<blockquote>\n<p><strong><span style=\"color: #808080\">\u201c<em>Son tambi\u00e9n importantes los retos a los que se enfrentan las multinacionales a la hora de gestionar globalmente los beneficios a empleados, siendo la obtenci\u00f3n de informaci\u00f3n sobre los planes y su gesti\u00f3n continuada los m\u00e1s importantes y donde actualmente se encuentran los mayores gaps\u201d.<\/em><\/span><\/strong><\/p>\n<\/blockquote>\n<p><img loading=\"lazy\" decoding=\"async\" class=\"alignnone size-full wp-image-1609\" src=\"http:\/\/www.aon.es\/site\/ipm-club\/wp-content\/uploads\/sites\/76\/2018\/10\/Evento-Zurich.jpg\" alt=\"\" width=\"1458\" height=\"820\" srcset=\"https:\/\/www.aon.es\/site\/ipm-club\/wp-content\/uploads\/sites\/76\/2018\/10\/Evento-Zurich.jpg 1458w, https:\/\/www.aon.es\/site\/ipm-club\/wp-content\/uploads\/sites\/76\/2018\/10\/Evento-Zurich-300x169.jpg 300w, https:\/\/www.aon.es\/site\/ipm-club\/wp-content\/uploads\/sites\/76\/2018\/10\/Evento-Zurich-768x432.jpg 768w, https:\/\/www.aon.es\/site\/ipm-club\/wp-content\/uploads\/sites\/76\/2018\/10\/Evento-Zurich-1030x579.jpg 1030w, https:\/\/www.aon.es\/site\/ipm-club\/wp-content\/uploads\/sites\/76\/2018\/10\/Evento-Zurich-705x397.jpg 705w, https:\/\/www.aon.es\/site\/ipm-club\/wp-content\/uploads\/sites\/76\/2018\/10\/Evento-Zurich-450x253.jpg 450w\" sizes=\"auto, (max-width: 1458px) 100vw, 1458px\" \/><\/p>\n<p>Miguel Miranda, <em>Head Pricing and Underwriting Global Employee Benefit Solutions de Zurich<\/em>, ha abordado el paso del contrato local a la gesti\u00f3n internacional, comentando las <strong>diferentes soluciones financieras<\/strong> <strong>que existen en funci\u00f3n del nivel de centralizaci\u00f3n de los beneficios<\/strong>, desde las m\u00e1s descentralizadas como las soluciones de pool global o regional, a las m\u00e1s centralizadas como Global Underwriting Programs y Cautivas.<\/p>\n<p>En la posterior mesa redonda se unieron a compartir experiencias <strong>Acciona, Telef\u00f3nica y Nissan<\/strong>, que explicaron las <strong>soluciones financieras implementadas y los ahorros obtenidos a nivel global<\/strong>, as\u00ed como el punto donde se encuentran en cuanto a la centralizaci\u00f3n y gesti\u00f3n global, con incidencia tambi\u00e9n sobre d\u00f3nde se quieren situar en un futuro pr\u00f3ximo. Todos los participantes estuvieron de acuerdo en destacar las barreras encontradas y c\u00f3mo el trabajo conjunto entre RRHH, Finanzas y Gerencia de Riesgos ha ayudado a ir superando todas ellas y avanzar en la implementaci\u00f3n de las soluciones en cada pa\u00eds.<\/p>\n<p>Cristina S\u00e1nchez, <em>Head Corporate Life &amp; Pensions Spain de Zurich<\/em>, destac\u00f3 que son pocas las empresas multinacionales que tienen programas o soluciones globales y que esta cifra es a\u00fan menor en Espa\u00f1a.<\/p>\n<blockquote>\n<p>\u00a0<strong><span style=\"color: #808080\"><em>\u201cMenos del 30% de las empresas multinacionales hoy d\u00eda tiene programas o soluciones globales, y si tomamos esta referencia en el mercado espa\u00f1ol este dato se reduce significativamente al 10% aproximadamente<\/em>\u201d<\/span><\/strong><\/p>\n<\/blockquote>\n<p>Paolo Marini, <em>director Global Customer &amp; Distribution Management Corporate Life &amp; Pensions de Zurich<\/em> y moderador de la mesa, a\u00f1adi\u00f3 que <strong><span style=\"color: #808080\">\u201c<em>Organizar este evento junto con Aon, donde empresas l\u00edderes mundiales compartan su visi\u00f3n, conocimiento y experiencia, es muy positivo para el sector porque nos permiten dar a conocer soluciones\u00a0internacionales que a d\u00eda de hoy todav\u00eda muchas empresas no conocen. Adem\u00e1s, los beneficios para empleados representan una inversi\u00f3n importante, entre 1.5% y el 8% del total de los sueldos seg\u00fan el sector de actividad y si incluye la componente de ahorro para jubilaci\u00f3n<\/em>\u201d<\/span><\/strong>.<\/p>\n<p>El debate concluy\u00f3 destacando c\u00f3mo en Espa\u00f1a la crisis ha llevado a muchas empresas a <strong>buscar crecimiento fuera del pa\u00eds y a crecer en otros mercados<\/strong> convirti\u00e9ndose en empresas internacionales, todo lo cual ha creado <strong>nuevos retos y nuevas oportunidades<\/strong> para las empresas a la hora de gestionar los beneficios sociales de la globalidad de sus empleados.<\/p>\n<\/div><\/section><br \/>\n<div  class='hr av-21w54q-45568575f342782850d97f70acd79d19 hr-default  avia-builder-el-10  el_after_av_textblock  el_before_av_button '><span class='hr-inner '><span class=\"hr-inner-style\"><\/span><\/span><\/div><br \/>\n<div  class='avia-button-wrap av-26gjca-f43b5e046c04ce0972f4cd36e21fafee-wrap avia-button-center  avia-builder-el-11  el_after_av_hr  el_before_av_hr '><a href='http:\/\/www.aon.es\/site\/ipm-club\/wp-content\/uploads\/sites\/76\/2018\/10\/Entregable-Evento-Zurichv2.pdf'  class='avia-button av-26gjca-f43b5e046c04ce0972f4cd36e21fafee av-link-btn avia-icon_select-no avia-size-medium avia-position-center avia-color-theme-color'  target=\"_blank\"  rel=\"noopener noreferrer\"  aria-label=\"Descarga PDF de Aon Global Benefits\"><span class='avia_iconbox_title' >Descarga PDF de Aon Global Benefits<\/span><\/a><\/div><br \/>\n\n<style type=\"text\/css\" data-created_by=\"avia_inline_auto\" id=\"style-css-av-jizv4hwn-f74e81080caa39f35c365e1375677ac5\">\n#top .hr.hr-invisible.av-jizv4hwn-f74e81080caa39f35c365e1375677ac5{\nheight:50px;\n}\n<\/style>\n<div  class='hr av-jizv4hwn-f74e81080caa39f35c365e1375677ac5 hr-invisible  avia-builder-el-12  el_after_av_button  el_before_av_hr '><span class='hr-inner '><span class=\"hr-inner-style\"><\/span><\/span><\/div><br \/>\n<div  class='hr av-7knwqj-3445693d8da9a83e4ee149d48af82993 hr-default  avia-builder-el-13  el_after_av_hr  el_before_av_social_share '><span class='hr-inner '><span class=\"hr-inner-style\"><\/span><\/span><\/div><br \/>\n<div  class='av-social-sharing-box av-jik6vtiv-48e2acb35f14d2194bc24eadc616d49b av-social-sharing-box-minimal  avia-builder-el-14  el_after_av_hr  avia-builder-el-last  av-social-sharing-box-fullwidth'><div class=\"av-share-box\"><h5 class='av-share-link-description av-no-toc '>Compartir esta entrada<\/h5><ul class=\"av-share-box-list noLightbox\"><li class='av-share-link av-social-link-twitter avia_social_iconfont' ><a target=\"_blank\" aria-label=\"Compartir en X\" href='https:\/\/twitter.com\/share?text=AON%20Y%20ZURICH%20JUNTOS%20EN%20EL%20GLOBAL%20BENEFITS%20WORKSHOP&#038;url=https:\/\/www.aon.es\/site\/ipm-club\/?p=1610' data-av_icon='\ue932' data-av_iconfont='entypo-fontello'  title='' data-avia-related-tooltip='Compartir en X'><span class='avia_hidden_link_text'>Compartir en X<\/span><\/a><\/li><li class='av-share-link av-social-link-linkedin avia_social_iconfont' ><a target=\"_blank\" aria-label=\"Compartir en LinkedIn\" href='https:\/\/linkedin.com\/shareArticle?mini=true&#038;title=AON%20Y%20ZURICH%20JUNTOS%20EN%20EL%20GLOBAL%20BENEFITS%20WORKSHOP&#038;url=https:\/\/www.aon.es\/site\/ipm-club\/2018\/10\/10\/global_benefits_workshop\/' data-av_icon='\ue8fc' data-av_iconfont='entypo-fontello'  title='' data-avia-related-tooltip='Compartir en LinkedIn'><span class='avia_hidden_link_text'>Compartir en LinkedIn<\/span><\/a><\/li><\/ul><\/div><\/div><\/p><\/div>\n","protected":false},"excerpt":{"rendered":"","protected":false},"author":24,"featured_media":1642,"comment_status":"open","ping_status":"open","sticky":false,"template":"","format":"standard","meta":{"footnotes":""},"categories":[5],"tags":[37,35,22,23,19,14,18,24,10,9,38,21,20,36],"class_list":["post-1610","post","type-post","status-publish","format-standard","has-post-thumbnail","hentry","category-news","tag-beneficios","tag-benefits","tag-expatriados","tag-experiencia","tag-futuro","tag-global","tag-globalizacion","tag-inteligencia","tag-internacional","tag-movilidad","tag-seguros","tag-tecnologia","tag-trabajo","tag-workshop"],"yoast_head":"<!-- This site is optimized with the Yoast SEO plugin v27.4 - https:\/\/yoast.com\/product\/yoast-seo-wordpress\/ -->\n<title>AON Y ZURICH JUNTOS EN EL GLOBAL BENEFITS WORKSHOP - ipm-club<\/title>\n<meta name=\"description\" content=\"Lorem Ipsum es simplemente el texto de relleno de las imprentas y archivos de texto. Lorem Ipsum ha sido el texto de relleno est\u00e1ndar de las industrias desde el a\u00f1o 1500, cuando un impresor (N. del T\" \/>\n<meta name=\"robots\" content=\"index, follow, max-snippet:-1, max-image-preview:large, max-video-preview:-1\" \/>\n<link rel=\"canonical\" href=\"https:\/\/www.aon.es\/site\/ipm-club\/2018\/10\/10\/global_benefits_workshop\/\" \/>\n<meta property=\"og:locale\" content=\"es_ES\" \/>\n<meta property=\"og:type\" content=\"article\" \/>\n<meta property=\"og:title\" content=\"AON Y ZURICH JUNTOS EN EL GLOBAL BENEFITS WORKSHOP - ipm-club\" \/>\n<meta property=\"og:description\" content=\"Lorem Ipsum es simplemente el texto de relleno de las imprentas y archivos de texto. Lorem Ipsum ha sido el texto de relleno est\u00e1ndar de las industrias desde el a\u00f1o 1500, cuando un impresor (N. del T\" \/>\n<meta property=\"og:url\" content=\"https:\/\/www.aon.es\/site\/ipm-club\/2018\/10\/10\/global_benefits_workshop\/\" \/>\n<meta property=\"og:site_name\" content=\"ipm-club\" \/>\n<meta property=\"article:published_time\" content=\"2018-10-10T11:23:18+00:00\" \/>\n<meta property=\"article:modified_time\" content=\"2018-10-10T11:35:47+00:00\" \/>\n<meta property=\"og:image\" content=\"https:\/\/www.aon.es\/site\/ipm-club\/wp-content\/uploads\/sites\/76\/2018\/10\/Imagen3.png\" \/>\n\t<meta property=\"og:image:width\" content=\"896\" \/>\n\t<meta property=\"og:image:height\" content=\"885\" \/>\n\t<meta property=\"og:image:type\" content=\"image\/png\" \/>\n<meta name=\"twitter:card\" content=\"summary_large_image\" \/>\n<meta name=\"twitter:label1\" content=\"Escrito por\" \/>\n\t<meta name=\"twitter:data1\" content=\"\" \/>\n\t<meta name=\"twitter:label2\" content=\"Tiempo de lectura\" \/>\n\t<meta name=\"twitter:data2\" content=\"8 minutos\" \/>\n<script type=\"application\/ld+json\" class=\"yoast-schema-graph\">{\"@context\":\"https:\\\/\\\/schema.org\",\"@graph\":[{\"@type\":\"Article\",\"@id\":\"https:\\\/\\\/www.aon.es\\\/site\\\/ipm-club\\\/2018\\\/10\\\/10\\\/global_benefits_workshop\\\/#article\",\"isPartOf\":{\"@id\":\"https:\\\/\\\/www.aon.es\\\/site\\\/ipm-club\\\/2018\\\/10\\\/10\\\/global_benefits_workshop\\\/\"},\"author\":{\"name\":\"\",\"@id\":\"\"},\"headline\":\"AON Y ZURICH JUNTOS EN EL GLOBAL BENEFITS WORKSHOP\",\"datePublished\":\"2018-10-10T11:23:18+00:00\",\"dateModified\":\"2018-10-10T11:35:47+00:00\",\"mainEntityOfPage\":{\"@id\":\"https:\\\/\\\/www.aon.es\\\/site\\\/ipm-club\\\/2018\\\/10\\\/10\\\/global_benefits_workshop\\\/\"},\"wordCount\":1335,\"commentCount\":0,\"image\":{\"@id\":\"https:\\\/\\\/www.aon.es\\\/site\\\/ipm-club\\\/2018\\\/10\\\/10\\\/global_benefits_workshop\\\/#primaryimage\"},\"thumbnailUrl\":\"https:\\\/\\\/www.aon.es\\\/site\\\/ipm-club\\\/wp-content\\\/uploads\\\/sites\\\/76\\\/2018\\\/10\\\/Imagen3.png\",\"keywords\":[\"beneficios\",\"benefits\",\"expatriados\",\"experiencia\",\"futuro\",\"global\",\"globalizacion\",\"inteligencia\",\"internacional\",\"movilidad\",\"seguros\",\"tecnolog\u00eda\",\"trabajo\",\"workshop\"],\"articleSection\":[\"News\"],\"inLanguage\":\"es\",\"potentialAction\":[{\"@type\":\"CommentAction\",\"name\":\"Comment\",\"target\":[\"https:\\\/\\\/www.aon.es\\\/site\\\/ipm-club\\\/2018\\\/10\\\/10\\\/global_benefits_workshop\\\/#respond\"]}]},{\"@type\":\"WebPage\",\"@id\":\"https:\\\/\\\/www.aon.es\\\/site\\\/ipm-club\\\/2018\\\/10\\\/10\\\/global_benefits_workshop\\\/\",\"url\":\"https:\\\/\\\/www.aon.es\\\/site\\\/ipm-club\\\/2018\\\/10\\\/10\\\/global_benefits_workshop\\\/\",\"name\":\"AON Y ZURICH JUNTOS EN EL GLOBAL BENEFITS WORKSHOP - ipm-club\",\"isPartOf\":{\"@id\":\"https:\\\/\\\/www.aon.es\\\/site\\\/ipm-club\\\/#website\"},\"primaryImageOfPage\":{\"@id\":\"https:\\\/\\\/www.aon.es\\\/site\\\/ipm-club\\\/2018\\\/10\\\/10\\\/global_benefits_workshop\\\/#primaryimage\"},\"image\":{\"@id\":\"https:\\\/\\\/www.aon.es\\\/site\\\/ipm-club\\\/2018\\\/10\\\/10\\\/global_benefits_workshop\\\/#primaryimage\"},\"thumbnailUrl\":\"https:\\\/\\\/www.aon.es\\\/site\\\/ipm-club\\\/wp-content\\\/uploads\\\/sites\\\/76\\\/2018\\\/10\\\/Imagen3.png\",\"datePublished\":\"2018-10-10T11:23:18+00:00\",\"dateModified\":\"2018-10-10T11:35:47+00:00\",\"author\":{\"@id\":\"\"},\"description\":\"Lorem Ipsum es simplemente el texto de relleno de las imprentas y archivos de texto. Lorem Ipsum ha sido el texto de relleno est\u00e1ndar de las industrias desde el a\u00f1o 1500, cuando un impresor (N. del T\",\"breadcrumb\":{\"@id\":\"https:\\\/\\\/www.aon.es\\\/site\\\/ipm-club\\\/2018\\\/10\\\/10\\\/global_benefits_workshop\\\/#breadcrumb\"},\"inLanguage\":\"es\",\"potentialAction\":[{\"@type\":\"ReadAction\",\"target\":[\"https:\\\/\\\/www.aon.es\\\/site\\\/ipm-club\\\/2018\\\/10\\\/10\\\/global_benefits_workshop\\\/\"]}]},{\"@type\":\"ImageObject\",\"inLanguage\":\"es\",\"@id\":\"https:\\\/\\\/www.aon.es\\\/site\\\/ipm-club\\\/2018\\\/10\\\/10\\\/global_benefits_workshop\\\/#primaryimage\",\"url\":\"https:\\\/\\\/www.aon.es\\\/site\\\/ipm-club\\\/wp-content\\\/uploads\\\/sites\\\/76\\\/2018\\\/10\\\/Imagen3.png\",\"contentUrl\":\"https:\\\/\\\/www.aon.es\\\/site\\\/ipm-club\\\/wp-content\\\/uploads\\\/sites\\\/76\\\/2018\\\/10\\\/Imagen3.png\",\"width\":896,\"height\":885},{\"@type\":\"BreadcrumbList\",\"@id\":\"https:\\\/\\\/www.aon.es\\\/site\\\/ipm-club\\\/2018\\\/10\\\/10\\\/global_benefits_workshop\\\/#breadcrumb\",\"itemListElement\":[{\"@type\":\"ListItem\",\"position\":1,\"name\":\"Portada\",\"item\":\"https:\\\/\\\/www.aon.es\\\/site\\\/ipm-club\\\/mision\\\/\"},{\"@type\":\"ListItem\",\"position\":2,\"name\":\"AON Y ZURICH JUNTOS EN EL GLOBAL BENEFITS WORKSHOP\"}]},{\"@type\":\"WebSite\",\"@id\":\"https:\\\/\\\/www.aon.es\\\/site\\\/ipm-club\\\/#website\",\"url\":\"https:\\\/\\\/www.aon.es\\\/site\\\/ipm-club\\\/\",\"name\":\"ipm-club\",\"description\":\"Otro sitio m\u00e1s de Sitios de Aon\",\"potentialAction\":[{\"@type\":\"SearchAction\",\"target\":{\"@type\":\"EntryPoint\",\"urlTemplate\":\"https:\\\/\\\/www.aon.es\\\/site\\\/ipm-club\\\/?s={search_term_string}\"},\"query-input\":{\"@type\":\"PropertyValueSpecification\",\"valueRequired\":true,\"valueName\":\"search_term_string\"}}],\"inLanguage\":\"es\"},{\"@type\":\"Person\",\"@id\":\"\",\"url\":\"https:\\\/\\\/www.aon.es\\\/site\\\/ipm-club\\\/author\\\/\"}]}<\/script>\n<!-- \/ Yoast SEO plugin. -->","yoast_head_json":{"title":"AON Y ZURICH JUNTOS EN EL GLOBAL BENEFITS WORKSHOP - ipm-club","description":"Lorem Ipsum es simplemente el texto de relleno de las imprentas y archivos de texto. Lorem Ipsum ha sido el texto de relleno est\u00e1ndar de las industrias desde el a\u00f1o 1500, cuando un impresor (N. del T","robots":{"index":"index","follow":"follow","max-snippet":"max-snippet:-1","max-image-preview":"max-image-preview:large","max-video-preview":"max-video-preview:-1"},"canonical":"https:\/\/www.aon.es\/site\/ipm-club\/2018\/10\/10\/global_benefits_workshop\/","og_locale":"es_ES","og_type":"article","og_title":"AON Y ZURICH JUNTOS EN EL GLOBAL BENEFITS WORKSHOP - ipm-club","og_description":"Lorem Ipsum es simplemente el texto de relleno de las imprentas y archivos de texto. Lorem Ipsum ha sido el texto de relleno est\u00e1ndar de las industrias desde el a\u00f1o 1500, cuando un impresor (N. del T","og_url":"https:\/\/www.aon.es\/site\/ipm-club\/2018\/10\/10\/global_benefits_workshop\/","og_site_name":"ipm-club","article_published_time":"2018-10-10T11:23:18+00:00","article_modified_time":"2018-10-10T11:35:47+00:00","og_image":[{"width":896,"height":885,"url":"https:\/\/www.aon.es\/site\/ipm-club\/wp-content\/uploads\/sites\/76\/2018\/10\/Imagen3.png","type":"image\/png"}],"twitter_card":"summary_large_image","twitter_misc":{"Escrito por":"","Tiempo de lectura":"8 minutos"},"schema":{"@context":"https:\/\/schema.org","@graph":[{"@type":"Article","@id":"https:\/\/www.aon.es\/site\/ipm-club\/2018\/10\/10\/global_benefits_workshop\/#article","isPartOf":{"@id":"https:\/\/www.aon.es\/site\/ipm-club\/2018\/10\/10\/global_benefits_workshop\/"},"author":{"name":"","@id":""},"headline":"AON Y ZURICH JUNTOS EN EL GLOBAL BENEFITS WORKSHOP","datePublished":"2018-10-10T11:23:18+00:00","dateModified":"2018-10-10T11:35:47+00:00","mainEntityOfPage":{"@id":"https:\/\/www.aon.es\/site\/ipm-club\/2018\/10\/10\/global_benefits_workshop\/"},"wordCount":1335,"commentCount":0,"image":{"@id":"https:\/\/www.aon.es\/site\/ipm-club\/2018\/10\/10\/global_benefits_workshop\/#primaryimage"},"thumbnailUrl":"https:\/\/www.aon.es\/site\/ipm-club\/wp-content\/uploads\/sites\/76\/2018\/10\/Imagen3.png","keywords":["beneficios","benefits","expatriados","experiencia","futuro","global","globalizacion","inteligencia","internacional","movilidad","seguros","tecnolog\u00eda","trabajo","workshop"],"articleSection":["News"],"inLanguage":"es","potentialAction":[{"@type":"CommentAction","name":"Comment","target":["https:\/\/www.aon.es\/site\/ipm-club\/2018\/10\/10\/global_benefits_workshop\/#respond"]}]},{"@type":"WebPage","@id":"https:\/\/www.aon.es\/site\/ipm-club\/2018\/10\/10\/global_benefits_workshop\/","url":"https:\/\/www.aon.es\/site\/ipm-club\/2018\/10\/10\/global_benefits_workshop\/","name":"AON Y ZURICH JUNTOS EN EL GLOBAL BENEFITS WORKSHOP - ipm-club","isPartOf":{"@id":"https:\/\/www.aon.es\/site\/ipm-club\/#website"},"primaryImageOfPage":{"@id":"https:\/\/www.aon.es\/site\/ipm-club\/2018\/10\/10\/global_benefits_workshop\/#primaryimage"},"image":{"@id":"https:\/\/www.aon.es\/site\/ipm-club\/2018\/10\/10\/global_benefits_workshop\/#primaryimage"},"thumbnailUrl":"https:\/\/www.aon.es\/site\/ipm-club\/wp-content\/uploads\/sites\/76\/2018\/10\/Imagen3.png","datePublished":"2018-10-10T11:23:18+00:00","dateModified":"2018-10-10T11:35:47+00:00","author":{"@id":""},"description":"Lorem Ipsum es simplemente el texto de relleno de las imprentas y archivos de texto. Lorem Ipsum ha sido el texto de relleno est\u00e1ndar de las industrias desde el a\u00f1o 1500, cuando un impresor (N. del T","breadcrumb":{"@id":"https:\/\/www.aon.es\/site\/ipm-club\/2018\/10\/10\/global_benefits_workshop\/#breadcrumb"},"inLanguage":"es","potentialAction":[{"@type":"ReadAction","target":["https:\/\/www.aon.es\/site\/ipm-club\/2018\/10\/10\/global_benefits_workshop\/"]}]},{"@type":"ImageObject","inLanguage":"es","@id":"https:\/\/www.aon.es\/site\/ipm-club\/2018\/10\/10\/global_benefits_workshop\/#primaryimage","url":"https:\/\/www.aon.es\/site\/ipm-club\/wp-content\/uploads\/sites\/76\/2018\/10\/Imagen3.png","contentUrl":"https:\/\/www.aon.es\/site\/ipm-club\/wp-content\/uploads\/sites\/76\/2018\/10\/Imagen3.png","width":896,"height":885},{"@type":"BreadcrumbList","@id":"https:\/\/www.aon.es\/site\/ipm-club\/2018\/10\/10\/global_benefits_workshop\/#breadcrumb","itemListElement":[{"@type":"ListItem","position":1,"name":"Portada","item":"https:\/\/www.aon.es\/site\/ipm-club\/mision\/"},{"@type":"ListItem","position":2,"name":"AON Y ZURICH JUNTOS EN EL GLOBAL BENEFITS WORKSHOP"}]},{"@type":"WebSite","@id":"https:\/\/www.aon.es\/site\/ipm-club\/#website","url":"https:\/\/www.aon.es\/site\/ipm-club\/","name":"ipm-club","description":"Otro sitio m\u00e1s de Sitios de Aon","potentialAction":[{"@type":"SearchAction","target":{"@type":"EntryPoint","urlTemplate":"https:\/\/www.aon.es\/site\/ipm-club\/?s={search_term_string}"},"query-input":{"@type":"PropertyValueSpecification","valueRequired":true,"valueName":"search_term_string"}}],"inLanguage":"es"},{"@type":"Person","@id":"","url":"https:\/\/www.aon.es\/site\/ipm-club\/author\/"}]}},"_links":{"self":[{"href":"https:\/\/www.aon.es\/site\/ipm-club\/wp-json\/wp\/v2\/posts\/1610","targetHints":{"allow":["GET"]}}],"collection":[{"href":"https:\/\/www.aon.es\/site\/ipm-club\/wp-json\/wp\/v2\/posts"}],"about":[{"href":"https:\/\/www.aon.es\/site\/ipm-club\/wp-json\/wp\/v2\/types\/post"}],"author":[{"embeddable":true,"href":"https:\/\/www.aon.es\/site\/ipm-club\/wp-json\/wp\/v2\/users\/24"}],"replies":[{"embeddable":true,"href":"https:\/\/www.aon.es\/site\/ipm-club\/wp-json\/wp\/v2\/comments?post=1610"}],"version-history":[{"count":22,"href":"https:\/\/www.aon.es\/site\/ipm-club\/wp-json\/wp\/v2\/posts\/1610\/revisions"}],"predecessor-version":[{"id":1737,"href":"https:\/\/www.aon.es\/site\/ipm-club\/wp-json\/wp\/v2\/posts\/1610\/revisions\/1737"}],"wp:featuredmedia":[{"embeddable":true,"href":"https:\/\/www.aon.es\/site\/ipm-club\/wp-json\/wp\/v2\/media\/1642"}],"wp:attachment":[{"href":"https:\/\/www.aon.es\/site\/ipm-club\/wp-json\/wp\/v2\/media?parent=1610"}],"wp:term":[{"taxonomy":"category","embeddable":true,"href":"https:\/\/www.aon.es\/site\/ipm-club\/wp-json\/wp\/v2\/categories?post=1610"},{"taxonomy":"post_tag","embeddable":true,"href":"https:\/\/www.aon.es\/site\/ipm-club\/wp-json\/wp\/v2\/tags?post=1610"}],"curies":[{"name":"wp","href":"https:\/\/api.w.org\/{rel}","templated":true}]}}